{"id":8374,"date":"2024-12-30T21:32:46","date_gmt":"2024-12-30T18:32:46","guid":{"rendered":"https:\/\/nibd.lt\/?p=8374"},"modified":"2025-01-19T15:38:32","modified_gmt":"2025-01-19T12:38:32","slug":"metinis-isivertinimas-ir-kitu-metu-strateginis-planavimas","status":"publish","type":"post","link":"https:\/\/nibd.lt\/en\/metinis-isivertinimas-ir-kitu-metu-strateginis-planavimas\/","title":{"rendered":"Metinis \u012fsivertinimas ir kit\u0173 met\u0173 strateginis planavimas"},"content":{"rendered":"<p style=\"text-align: justify;\">2024 m. gruod\u017eio 20\u201322 dienomis organizacijos nariai susirinko \u012f Mol\u0117tus, kur vyko intensyvus strateginio planavimo ir veiklos vertinimo susitikim\u0105. \u0160is trij\u0173 dien\u0173 susitikimas sub\u016br\u0117 komand\u0105 bendrai refleksijai apie pra\u0117jusius metus bei i\u0161k\u0117l\u0117 svarbiausius ateinan\u010dio laikotarpio tikslus.<\/p>\n<p style=\"text-align: justify;\"><img loading=\"lazy\" decoding=\"async\" class=\"aligncenter wp-image-8376 size-large\" src=\"https:\/\/nibd.lt\/wp-content\/uploads\/2024\/12\/7fb356e4-3e02-49b4-a7a8-1b4d7eeb0c3c-1024x768.jpg\" alt=\"\" width=\"584\" height=\"438\" srcset=\"https:\/\/nibd.lt\/wp-content\/uploads\/2024\/12\/7fb356e4-3e02-49b4-a7a8-1b4d7eeb0c3c-1024x768.jpg 1024w, https:\/\/nibd.lt\/wp-content\/uploads\/2024\/12\/7fb356e4-3e02-49b4-a7a8-1b4d7eeb0c3c-300x225.jpg 300w, https:\/\/nibd.lt\/wp-content\/uploads\/2024\/12\/7fb356e4-3e02-49b4-a7a8-1b4d7eeb0c3c-768x576.jpg 768w, https:\/\/nibd.lt\/wp-content\/uploads\/2024\/12\/7fb356e4-3e02-49b4-a7a8-1b4d7eeb0c3c-1536x1152.jpg 1536w, https:\/\/nibd.lt\/wp-content\/uploads\/2024\/12\/7fb356e4-3e02-49b4-a7a8-1b4d7eeb0c3c-16x12.jpg 16w, https:\/\/nibd.lt\/wp-content\/uploads\/2024\/12\/7fb356e4-3e02-49b4-a7a8-1b4d7eeb0c3c-400x300.jpg 400w, https:\/\/nibd.lt\/wp-content\/uploads\/2024\/12\/7fb356e4-3e02-49b4-a7a8-1b4d7eeb0c3c.jpg 2048w\" sizes=\"auto, (max-width: 584px) 100vw, 584px\" \/><\/p>\n<p style=\"text-align: justify;\"><!--more-->Susitikimo prad\u017eioje buvo ap\u017evelgti 2024 met\u0173 organizacijos veiklos rezultatai. Komandos nariai ir savanoriai aktyviai dalijosi savo \u012f\u017evalgomis ir si\u016blymais, kas gal\u0117t\u0173 b\u016bti tobulinama, bei drauge aptar\u0117 sritis, kuriose pasiekta pa\u017eanga. Ypatingas d\u0117mesys skirtas jaunimo tarybos veiklos analizavimui bei jos nari\u0173 ugdymo(si) galimyb\u0117ms.<\/p>\n<p style=\"text-align: justify;\">V\u0117liau vyko intensyvus 2025 met\u0173 veiklos plano rengimas. Darbo grup\u0117se buvo aptarti prioritetai, paskirstytos atsakomyb\u0117s ir numatyti konkret\u016bs \u017eingsniai, siekiant \u012fgyvendinti organizacijos strateginius tikslus. Susitikimo dalyviai ne tik dalijosi id\u0117jomis, bet ir bendradarbiavo formuojant ilgalaik\u0119 strategij\u0105 2025\u20132030 metams.<\/p>\n<p style=\"text-align: justify;\">Didel\u0119 reik\u0161m\u0119 tur\u0117jo individual\u016bs dalyvi\u0173 vertinimo susitikimai, kuri\u0173 metu kiekvienas gal\u0117jo pasidalyti asmeniniais pasteb\u0117jimais, \u012fvertinti savo ind\u0117l\u012f \u012f organizacijos veikl\u0105 ir aptarti tobul\u0117jimo galimybes. Taip pat buvo surengta refleksijos sesija, kurios metu i\u0161ry\u0161k\u0117jo dalyvi\u0173 pasidid\u017eiavimas organizacijos pasiekimais ir noras t\u0119sti krypting\u0105 darb\u0105 ateityje.<\/p>\n<p style=\"text-align: justify;\">Susitikimo metu buvo patvirtinti keli esminiai dokumentai:<\/p>\n<ul style=\"text-align: justify;\">\n<li>2025\u20132030 met\u0173 strateginis veiklos planas;<\/li>\n<li>2024 met\u0173 veiklos ataskaitos;<\/li>\n<li>2025 met\u0173 veiklos planas, \u012fskaitant veikl\u0173 kalendori\u0173.<\/li>\n<\/ul>\n<p style=\"text-align: justify;\">Komandos nariai ir savanoriai d\u017eiaug\u0117si galimybe sustiprinti bendradarbiavim\u0105, aptarti svarbius klausimus ir kartu kurti organizacijos ateit\u012f. Taip pat buvo pabr\u0117\u017eta, kad tokie susitikimai stiprina bendruomeni\u0161kum\u0105 ir motyvacij\u0105 siekti bendr\u0173 tiksl\u0173.<\/p>\n<p style=\"text-align: justify;\">D\u0117kojame visiems u\u017e aktyv\u0173 \u012fsitraukim\u0105 ir <a href=\"https:\/\/socmin.lrv.lt\/lt\/\">Lietuvos Respublikos socialin\u0117s apsaugos ir darbo ministerijai<\/a> u\u017e organizacijos vizijos palaikym\u0105.<\/p>\n<p style=\"text-align: justify;\">&nbsp;<\/p>","protected":false},"excerpt":{"rendered":"<p>2024 m. gruod\u017eio 20\u201322 dienomis organizacijos nariai susirinko \u012f Mol\u0117tus, kur vyko intensyvus strateginio planavimo ir veiklos vertinimo susitikim\u0105. \u0160is trij\u0173 dien\u0173 susitikimas sub\u016br\u0117 komand\u0105 bendrai refleksijai apie pra\u0117jusius metus bei i\u0161k\u0117l\u0117 svarbiausius ateinan\u010dio laikotarpio tikslus.<\/p>","protected":false},"author":2,"featured_media":0,"comment_status":"closed","ping_status":"open","sticky":false,"template":"","format":"standard","meta":{"_uag_custom_page_level_css":"","ngg_post_thumbnail":0,"footnotes":""},"categories":[23,24,7,21],"tags":[],"class_list":["post-8374","post","type-post","status-publish","format-standard","hentry","category-jaunimo-savanoriska-tarnyba","category-jungtys","category-savanoriai-korepetitoriai","category-vaje"],"featured_image_urls":{"full":"","thumbnail":"","medium":"","medium_large":"","large":"","1536x1536":"","2048x2048":"","trp-custom-language-flag":"","chromenews-featured":"","chromenews-large":"","chromenews-medium":""},"author_info":{"info":["Toma"]},"category_info":"<a href=\"https:\/\/nibd.lt\/en\/category\/jaunimo-savanoriska-tarnyba\/\" rel=\"category tag\">#Jaunimo savanori\u0161ka tarnyba<\/a> <a href=\"https:\/\/nibd.lt\/en\/category\/jungtys\/\" rel=\"category tag\">#Jungtys<\/a> <a href=\"https:\/\/nibd.lt\/en\/category\/savanoriai-korepetitoriai\/\" rel=\"category tag\">#Savanoriai\u2013korepetitoriai<\/a> <a href=\"https:\/\/nibd.lt\/en\/category\/vaje\/\" rel=\"category tag\">#VAJE<\/a>","tag_info":"#VAJE","comment_count":"0","uagb_featured_image_src":{"full":false,"thumbnail":false,"medium":false,"medium_large":false,"large":false,"1536x1536":false,"2048x2048":false,"trp-custom-language-flag":false,"chromenews-featured":false,"chromenews-large":false,"chromenews-medium":false},"uagb_author_info":{"display_name":"Toma","author_link":"https:\/\/nibd.lt\/en\/author\/toma\/"},"uagb_comment_info":0,"uagb_excerpt":"2024 m. gruod\u017eio 20\u201322 dienomis organizacijos nariai susirinko \u012f Mol\u0117tus, kur vyko intensyvus strateginio planavimo ir veiklos vertinimo susitikim\u0105. \u0160is trij\u0173 dien\u0173 susitikimas sub\u016br\u0117 komand\u0105 bendrai refleksijai apie pra\u0117jusius metus bei i\u0161k\u0117l\u0117 svarbiausius ateinan\u010dio laikotarpio tikslus.","_links":{"self":[{"href":"https:\/\/nibd.lt\/en\/wp-json\/wp\/v2\/posts\/8374","targetHints":{"allow":["GET"]}}],"collection":[{"href":"https:\/\/nibd.lt\/en\/wp-json\/wp\/v2\/posts"}],"about":[{"href":"https:\/\/nibd.lt\/en\/wp-json\/wp\/v2\/types\/post"}],"author":[{"embeddable":true,"href":"https:\/\/nibd.lt\/en\/wp-json\/wp\/v2\/users\/2"}],"replies":[{"embeddable":true,"href":"https:\/\/nibd.lt\/en\/wp-json\/wp\/v2\/comments?post=8374"}],"version-history":[{"count":4,"href":"https:\/\/nibd.lt\/en\/wp-json\/wp\/v2\/posts\/8374\/revisions"}],"predecessor-version":[{"id":8379,"href":"https:\/\/nibd.lt\/en\/wp-json\/wp\/v2\/posts\/8374\/revisions\/8379"}],"wp:attachment":[{"href":"https:\/\/nibd.lt\/en\/wp-json\/wp\/v2\/media?parent=8374"}],"wp:term":[{"taxonomy":"category","embeddable":true,"href":"https:\/\/nibd.lt\/en\/wp-json\/wp\/v2\/categories?post=8374"},{"taxonomy":"post_tag","embeddable":true,"href":"https:\/\/nibd.lt\/en\/wp-json\/wp\/v2\/tags?post=8374"}],"curies":[{"name":"wp","href":"https:\/\/api.w.org\/{rel}","templated":true}]}}