{"id":7882,"date":"2024-06-12T16:48:56","date_gmt":"2024-06-12T13:48:56","guid":{"rendered":"https:\/\/nibd.lt\/?p=7882"},"modified":"2025-01-24T13:40:05","modified_gmt":"2025-01-24T10:40:05","slug":"7882-2","status":"publish","type":"post","link":"https:\/\/nibd.lt\/en\/7882-2\/","title":{"rendered":"Vaidot\u0173 atviro jaunimo centro \u2013 VAJE jaunimo taryba susitiko su Vilniaus r. savivaldyb\u0117s jaunimo reikal\u0173 taryba"},"content":{"rendered":"<p style=\"text-align: justify;\">\u0160iandien <a href=\"https:\/\/nibd.lt\/jaunimo-taryba\/\">Vaidot\u0173 atviro jaunimo centro \u2013 VAJE jaunimo taryba<\/a> susitiko su <a href=\"https:\/\/vrsa.lt\/jaunimui\/jaunimo-reikalu-tarybos-sudetis\/1268\">Vilniaus r. savivaldyb\u0117s jaunimo reikal\u0173 taryba<\/a> aptarti bendradarbiavimo perspektyvas jaunimo politikos srityje.<\/p>\n<p><img loading=\"lazy\" decoding=\"async\" class=\"alignnone size-large wp-image-7883\" src=\"https:\/\/nibd.lt\/wp-content\/uploads\/2024\/06\/2024.06.12-1024x768.jpeg\" alt=\"\" width=\"584\" height=\"438\" srcset=\"https:\/\/nibd.lt\/wp-content\/uploads\/2024\/06\/2024.06.12-1024x768.jpeg 1024w, https:\/\/nibd.lt\/wp-content\/uploads\/2024\/06\/2024.06.12-300x225.jpeg 300w, https:\/\/nibd.lt\/wp-content\/uploads\/2024\/06\/2024.06.12-768x576.jpeg 768w, https:\/\/nibd.lt\/wp-content\/uploads\/2024\/06\/2024.06.12-1536x1152.jpeg 1536w, https:\/\/nibd.lt\/wp-content\/uploads\/2024\/06\/2024.06.12-2048x1536.jpeg 2048w, https:\/\/nibd.lt\/wp-content\/uploads\/2024\/06\/2024.06.12-16x12.jpeg 16w, https:\/\/nibd.lt\/wp-content\/uploads\/2024\/06\/2024.06.12-400x300.jpeg 400w\" sizes=\"auto, (max-width: 584px) 100vw, 584px\" \/><\/p>\n<p style=\"text-align: justify;\"><!--more--><\/p>\n<p style=\"text-align: justify;\">Susitikimo metu abiej\u0173 taryb\u0173 nariai prisistat\u0117 ir pristat\u0117 savo vaidmenis u\u017eimamose pareigose, diskutuota apie bendrus s\u0105ly\u010dio ta\u0161kus, kuriais tapo: abipus\u0117 informacijos sklaida vidiniais taryb\u0173 komunikacijos kanalais, dalijimasis profesine patirtimi ir taryb\u0173 bendradarbiavimas organizuojant renginius jaunimo politikos srityje.<\/p>\n<p><img loading=\"lazy\" decoding=\"async\" class=\"alignnone size-large wp-image-7888\" src=\"https:\/\/nibd.lt\/wp-content\/uploads\/2024\/06\/2024.06.12-2-1024x768.jpeg\" alt=\"\" width=\"584\" height=\"438\" srcset=\"https:\/\/nibd.lt\/wp-content\/uploads\/2024\/06\/2024.06.12-2-1024x768.jpeg 1024w, https:\/\/nibd.lt\/wp-content\/uploads\/2024\/06\/2024.06.12-2-300x225.jpeg 300w, https:\/\/nibd.lt\/wp-content\/uploads\/2024\/06\/2024.06.12-2-768x576.jpeg 768w, https:\/\/nibd.lt\/wp-content\/uploads\/2024\/06\/2024.06.12-2-1536x1152.jpeg 1536w, https:\/\/nibd.lt\/wp-content\/uploads\/2024\/06\/2024.06.12-2-2048x1536.jpeg 2048w, https:\/\/nibd.lt\/wp-content\/uploads\/2024\/06\/2024.06.12-2-16x12.jpeg 16w, https:\/\/nibd.lt\/wp-content\/uploads\/2024\/06\/2024.06.12-2-400x300.jpeg 400w\" sizes=\"auto, (max-width: 584px) 100vw, 584px\" \/><\/p>\n<p style=\"text-align: justify;\">Diskutuota ir apie neseniai startavus\u012f nacionalin\u012f projekt\u0105 JUNGTYS, kuriuo siekiama ma\u017einti neaktyvi\u0173 jaun\u0173 \u017emoni\u0173 (toliau \u2013 NEET) skai\u010di\u0173 tikslingai dirbant su ma\u017eiau galimybi\u0173 turin\u010diais (toliau \u2013 MGT) jaunuoliais (potencialiais NEET) bei NEET grup\u0117je esan\u010diais jaunuoliais, nuosekliai \u012fgyvendinant intervencines priemones, siekiant pad\u0117ti jaunuoliams \u012fsitraukti \u012f darbo rink\u0105 ir (ar) \u0161vietimo sistem\u0105, ir (ar) savanori\u0161k\u0105 veikl\u0105, u\u017etikrinant prevencini\u0173 priemoni\u0173, atliepian\u010di\u0173 konkre\u010di\u0173 jaun\u0173 \u017emoni\u0173 poreikius, \u012fgyvendinim\u0105.<\/p>\n<p style=\"text-align: justify;\">Vilniaus r. savivaldyb\u0117je \u0161\u012f projekt\u0105 \u012fgyvendina V\u0161\u012e \u201eNe imti, bet duoti\u201c Vaidot\u0173 atviro jaunimo centro \u2013 VAJE jaunimo darbuotojai\u2013atvejo koordinatoriai.<\/p>\n<p style=\"text-align: justify;\">Daugiau apie projekt\u0105: <a href=\"https:\/\/nibd.lt\/jungtys\/\">https:\/\/nibd.lt\/jungtys\/<\/a><\/p>","protected":false},"excerpt":{"rendered":"<p>\u0160iandien Vaidot\u0173 atviro jaunimo centro \u2013 VAJE jaunimo taryba susitiko su Vilniaus r. savivaldyb\u0117s jaunimo reikal\u0173 taryba aptarti bendradarbiavimo perspektyvas jaunimo politikos srityje.<\/p>","protected":false},"author":1,"featured_media":0,"comment_status":"closed","ping_status":"open","sticky":false,"template":"","format":"standard","meta":{"_uag_custom_page_level_css":"","ngg_post_thumbnail":0,"footnotes":""},"categories":[24,21],"tags":[],"class_list":["post-7882","post","type-post","status-publish","format-standard","hentry","category-jungtys","category-vaje"],"featured_image_urls":{"full":"","thumbnail":"","medium":"","medium_large":"","large":"","1536x1536":"","2048x2048":"","trp-custom-language-flag":"","chromenews-featured":"","chromenews-large":"","chromenews-medium":""},"author_info":{"info":["E. Lukas"]},"category_info":"<a href=\"https:\/\/nibd.lt\/en\/category\/jungtys\/\" rel=\"category tag\">#Jungtys<\/a> <a href=\"https:\/\/nibd.lt\/en\/category\/vaje\/\" rel=\"category tag\">#VAJE<\/a>","tag_info":"#VAJE","comment_count":"0","uagb_featured_image_src":{"full":false,"thumbnail":false,"medium":false,"medium_large":false,"large":false,"1536x1536":false,"2048x2048":false,"trp-custom-language-flag":false,"chromenews-featured":false,"chromenews-large":false,"chromenews-medium":false},"uagb_author_info":{"display_name":"E. Lukas","author_link":"https:\/\/nibd.lt\/en\/author\/neimtigmail-com\/"},"uagb_comment_info":0,"uagb_excerpt":"\u0160iandien Vaidot\u0173 atviro jaunimo centro \u2013 VAJE jaunimo taryba susitiko su Vilniaus r. savivaldyb\u0117s jaunimo reikal\u0173 taryba aptarti bendradarbiavimo perspektyvas jaunimo politikos srityje.","_links":{"self":[{"href":"https:\/\/nibd.lt\/en\/wp-json\/wp\/v2\/posts\/7882","targetHints":{"allow":["GET"]}}],"collection":[{"href":"https:\/\/nibd.lt\/en\/wp-json\/wp\/v2\/posts"}],"about":[{"href":"https:\/\/nibd.lt\/en\/wp-json\/wp\/v2\/types\/post"}],"author":[{"embeddable":true,"href":"https:\/\/nibd.lt\/en\/wp-json\/wp\/v2\/users\/1"}],"replies":[{"embeddable":true,"href":"https:\/\/nibd.lt\/en\/wp-json\/wp\/v2\/comments?post=7882"}],"version-history":[{"count":6,"href":"https:\/\/nibd.lt\/en\/wp-json\/wp\/v2\/posts\/7882\/revisions"}],"predecessor-version":[{"id":7885,"href":"https:\/\/nibd.lt\/en\/wp-json\/wp\/v2\/posts\/7882\/revisions\/7885"}],"wp:attachment":[{"href":"https:\/\/nibd.lt\/en\/wp-json\/wp\/v2\/media?parent=7882"}],"wp:term":[{"taxonomy":"category","embeddable":true,"href":"https:\/\/nibd.lt\/en\/wp-json\/wp\/v2\/categories?post=7882"},{"taxonomy":"post_tag","embeddable":true,"href":"https:\/\/nibd.lt\/en\/wp-json\/wp\/v2\/tags?post=7882"}],"curies":[{"name":"wp","href":"https:\/\/api.w.org\/{rel}","templated":true}]}}