{"id":7530,"date":"2023-12-12T17:59:21","date_gmt":"2023-12-12T14:59:21","guid":{"rendered":"https:\/\/nibd.lt\/?p=7530"},"modified":"2025-01-20T14:21:34","modified_gmt":"2025-01-20T11:21:34","slug":"susitikimas-su-prienu-globos-namu-kuratoriumi-ir-savanoriu","status":"publish","type":"post","link":"https:\/\/nibd.lt\/en\/susitikimas-su-prienu-globos-namu-kuratoriumi-ir-savanoriu\/","title":{"rendered":"Susitikimas su Prien\u0173 globos nam\u0173 kuratoriumi ir savanoriu"},"content":{"rendered":"<p style=\"text-align: justify\">2023.12.12 vyko susitikimas su Prien\u0173 globos nam\u0173 kuratoriumi ir savanoriu. Prie puodelio arbatos aptar\u0117me savanorio Mato penki\u0173 m\u0117nesi\u0173 savanoryst\u0117s patirt\u012f Prien\u0173 globos namuose. Jaunuolis i\u0161samiai pristat\u0117 \u012fgyvendintas veiklas, pasid\u017eiaug\u0117, jog \u0161i savanoryst\u0117s patirtis jam leido lavinti empatijos jausm\u0105 bei komunikacij\u0105 su vyresnio am\u017eiaus \u017emon\u0117mis. Kuratoriaus taip pat d\u017eiaug\u0117si savanorio padaryta pa\u017eanga, jo<br \/>\naktyviu \u012fsitraukimu \u012f vykdomas organizacijos veiklas ir tuo, jog pats \u0117m\u0117si inciatyvos organizuojant koncert\u0105 senjorams. D\u017eiugu matyti veikl\u0173 ir inciatyv\u0173 jaunim\u0105 Prien\u0173 mieste!<\/p>\n<p><img loading=\"lazy\" decoding=\"async\" class=\"alignnone size-medium wp-image-7531\" src=\"https:\/\/nibd.lt\/wp-content\/uploads\/2024\/01\/prienuose-300x225.jpg\" alt=\"\" width=\"300\" height=\"225\" srcset=\"https:\/\/nibd.lt\/wp-content\/uploads\/2024\/01\/prienuose-300x225.jpg 300w, https:\/\/nibd.lt\/wp-content\/uploads\/2024\/01\/prienuose-1024x768.jpg 1024w, https:\/\/nibd.lt\/wp-content\/uploads\/2024\/01\/prienuose-768x576.jpg 768w, https:\/\/nibd.lt\/wp-content\/uploads\/2024\/01\/prienuose-1536x1152.jpg 1536w, https:\/\/nibd.lt\/wp-content\/uploads\/2024\/01\/prienuose-16x12.jpg 16w, https:\/\/nibd.lt\/wp-content\/uploads\/2024\/01\/prienuose-400x300.jpg 400w, https:\/\/nibd.lt\/wp-content\/uploads\/2024\/01\/prienuose.jpg 2000w\" sizes=\"auto, (max-width: 300px) 100vw, 300px\" \/><\/p>","protected":false},"excerpt":{"rendered":"<p>2023.12.12 vyko susitikimas su Prien\u0173 globos nam\u0173 kuratoriumi ir savanoriu. Prie puodelio arbatos aptar\u0117me savanorio Mato penki\u0173 m\u0117nesi\u0173 savanoryst\u0117s patirt\u012f Prien\u0173 globos namuose. Jaunuolis i\u0161samiai pristat\u0117 \u012fgyvendintas veiklas, pasid\u017eiaug\u0117, jog \u0161i savanoryst\u0117s patirtis jam leido lavinti empatijos jausm\u0105 bei komunikacij\u0105 su vyresnio am\u017eiaus \u017emon\u0117mis. Kuratoriaus taip pat d\u017eiaug\u0117si savanorio padaryta pa\u017eanga, jo aktyviu \u012fsitraukimu \u012f vykdomas organizacijos veiklas ir tuo, jog pats \u0117m\u0117si inciatyvos organizuojant koncert\u0105 senjorams. D\u017eiugu matyti veikl\u0173 ir inciatyv\u0173 jaunim\u0105 Prien\u0173 mieste!<\/p>","protected":false},"author":8,"featured_media":0,"comment_status":"closed","ping_status":"open","sticky":false,"template":"","format":"standard","meta":{"_uag_custom_page_level_css":"","ngg_post_thumbnail":0,"footnotes":""},"categories":[23],"tags":[],"class_list":["post-7530","post","type-post","status-publish","format-standard","hentry","category-jaunimo-savanoriska-tarnyba"],"featured_image_urls":{"full":"","thumbnail":"","medium":"","medium_large":"","large":"","1536x1536":"","2048x2048":"","trp-custom-language-flag":"","chromenews-featured":"","chromenews-large":"","chromenews-medium":""},"author_info":{"info":["Aist\u0117"]},"category_info":"<a href=\"https:\/\/nibd.lt\/en\/category\/jaunimo-savanoriska-tarnyba\/\" rel=\"category tag\">#Jaunimo savanori\u0161ka tarnyba<\/a>","tag_info":"#Jaunimo savanori\u0161ka tarnyba","comment_count":"0","uagb_featured_image_src":{"full":false,"thumbnail":false,"medium":false,"medium_large":false,"large":false,"1536x1536":false,"2048x2048":false,"trp-custom-language-flag":false,"chromenews-featured":false,"chromenews-large":false,"chromenews-medium":false},"uagb_author_info":{"display_name":"Aist\u0117","author_link":"https:\/\/nibd.lt\/en\/author\/aiste\/"},"uagb_comment_info":0,"uagb_excerpt":"2023.12.12 vyko susitikimas su Prien\u0173 globos nam\u0173 kuratoriumi ir savanoriu. Prie puodelio arbatos aptar\u0117me savanorio Mato penki\u0173 m\u0117nesi\u0173 savanoryst\u0117s patirt\u012f Prien\u0173 globos namuose. Jaunuolis i\u0161samiai pristat\u0117 \u012fgyvendintas veiklas, pasid\u017eiaug\u0117, jog \u0161i savanoryst\u0117s patirtis jam leido lavinti empatijos jausm\u0105 bei komunikacij\u0105 su vyresnio am\u017eiaus \u017emon\u0117mis. Kuratoriaus taip pat d\u017eiaug\u0117si savanorio padaryta pa\u017eanga, jo aktyviu \u012fsitraukimu \u012f&hellip;","_links":{"self":[{"href":"https:\/\/nibd.lt\/en\/wp-json\/wp\/v2\/posts\/7530","targetHints":{"allow":["GET"]}}],"collection":[{"href":"https:\/\/nibd.lt\/en\/wp-json\/wp\/v2\/posts"}],"about":[{"href":"https:\/\/nibd.lt\/en\/wp-json\/wp\/v2\/types\/post"}],"author":[{"embeddable":true,"href":"https:\/\/nibd.lt\/en\/wp-json\/wp\/v2\/users\/8"}],"replies":[{"embeddable":true,"href":"https:\/\/nibd.lt\/en\/wp-json\/wp\/v2\/comments?post=7530"}],"version-history":[{"count":1,"href":"https:\/\/nibd.lt\/en\/wp-json\/wp\/v2\/posts\/7530\/revisions"}],"predecessor-version":[{"id":7532,"href":"https:\/\/nibd.lt\/en\/wp-json\/wp\/v2\/posts\/7530\/revisions\/7532"}],"wp:attachment":[{"href":"https:\/\/nibd.lt\/en\/wp-json\/wp\/v2\/media?parent=7530"}],"wp:term":[{"taxonomy":"category","embeddable":true,"href":"https:\/\/nibd.lt\/en\/wp-json\/wp\/v2\/categories?post=7530"},{"taxonomy":"post_tag","embeddable":true,"href":"https:\/\/nibd.lt\/en\/wp-json\/wp\/v2\/tags?post=7530"}],"curies":[{"name":"wp","href":"https:\/\/api.w.org\/{rel}","templated":true}]}}