{"id":6935,"date":"2022-11-06T01:49:47","date_gmt":"2022-11-05T22:49:47","guid":{"rendered":"https:\/\/nibd.lt\/?p=6935"},"modified":"2022-12-30T02:09:09","modified_gmt":"2022-12-29T23:09:09","slug":"rudens-jaunimo-mokymai","status":"publish","type":"post","link":"https:\/\/nibd.lt\/en\/rudens-jaunimo-mokymai\/","title":{"rendered":"Rudens jaunimo mokymai"},"content":{"rendered":"<div class=\"gmail_default\" style=\"text-align: justify\">\u0160i\u0173 met\u0173 lapkri\u010dio 4-6 dienomis Vilniaus mieste vyko rudens jaunimo mokymai, kuri\u0173 metu\u00a020 aktyvi\u0173, linksm\u0173 jaunuoli\u0173\u00a0bendraam\u017ei\u0173 rate\u00a0ugd\u0117 socialinius \u012fg\u016bd\u017eius lydimi jaunimo darbuotoj\u0173.<\/div>\n<div style=\"text-align: justify\"><img loading=\"lazy\" decoding=\"async\" class=\"size-medium wp-image-6936 aligncenter\" src=\"https:\/\/nibd.lt\/wp-content\/uploads\/2022\/12\/1672354295180-300x225.jpg\" alt=\"\" width=\"300\" height=\"225\" srcset=\"https:\/\/nibd.lt\/wp-content\/uploads\/2022\/12\/1672354295180-300x225.jpg 300w, https:\/\/nibd.lt\/wp-content\/uploads\/2022\/12\/1672354295180-1024x768.jpg 1024w, https:\/\/nibd.lt\/wp-content\/uploads\/2022\/12\/1672354295180-768x576.jpg 768w, https:\/\/nibd.lt\/wp-content\/uploads\/2022\/12\/1672354295180-1536x1152.jpg 1536w, https:\/\/nibd.lt\/wp-content\/uploads\/2022\/12\/1672354295180-2048x1536.jpg 2048w, https:\/\/nibd.lt\/wp-content\/uploads\/2022\/12\/1672354295180-16x12.jpg 16w, https:\/\/nibd.lt\/wp-content\/uploads\/2022\/12\/1672354295180-400x300.jpg 400w\" sizes=\"auto, (max-width: 300px) 100vw, 300px\" \/><\/div>\n<div class=\"gmail_default\" style=\"text-align: justify\">\n<div><\/div>\n<div>Mokym\u0173 metu buvo gilinamasi \u012f lygiaver\u010di\u0173, pasitik\u0117jimu gr\u012fst\u0173 santyki\u0173 k\u016brimo, emocin\u0117s sveikatos ir kritinio m\u0105stymo temas.<\/div>\n<div>Jaunuoliai\u00a0 dirbdami komandoje, porose ir individualiai steng\u0117si geriau suprasti savo tikruosius ir atpa\u017einti visuomen\u0117s primestus poreikius.<\/div>\n<div>Nagrin\u0117tos tvarumo ir atsakingo vartojimo temo, kurios suk\u0117l\u0117 daug diskusij\u0173. Tikimasi, kad prane\u0161\u0117j\u0173 pateikta informacija ir praktin\u0117s u\u017eduotys paskatins jaunim\u0105 keisti \u012fpro\u010dius prisidedant prie tvaresnio gyvenimo b\u016bdo bei atsakingesnio vartojimo.<\/div>\n<\/div>\n<p style=\"text-align: justify\"><!--more--><\/p>\n<div class=\"gmail_default\" style=\"text-align: justify\">\n<div><img loading=\"lazy\" decoding=\"async\" class=\"size-medium wp-image-6937 alignleft\" src=\"https:\/\/nibd.lt\/wp-content\/uploads\/2022\/12\/1672354295175-225x300.jpg\" alt=\"\" width=\"225\" height=\"300\" srcset=\"https:\/\/nibd.lt\/wp-content\/uploads\/2022\/12\/1672354295175-225x300.jpg 225w, https:\/\/nibd.lt\/wp-content\/uploads\/2022\/12\/1672354295175-768x1024.jpg 768w, https:\/\/nibd.lt\/wp-content\/uploads\/2022\/12\/1672354295175-1152x1536.jpg 1152w, https:\/\/nibd.lt\/wp-content\/uploads\/2022\/12\/1672354295175-1536x2048.jpg 1536w, https:\/\/nibd.lt\/wp-content\/uploads\/2022\/12\/1672354295175-9x12.jpg 9w, https:\/\/nibd.lt\/wp-content\/uploads\/2022\/12\/1672354295175-scaled.jpg 1920w\" sizes=\"auto, (max-width: 225px) 100vw, 225px\" \/>Emocin\u0117s sveikatos tema jautriai paliet\u0117 ne vien\u0105 jaunuol\u012f. Dalis jaunuoli\u0173 \u012fvardija, kad da\u017enai susiduria su emociniais sunkumais, kurie apsunkina j\u0173 kasdienyb\u0119, ma\u017eina motyvacij\u0105 ir didina apatij\u0105 aplinkai.<\/div>\n<div>Praktini\u0173 u\u017esi\u0117mim\u0173 metu kalb\u0117ta kaip pasir\u016bpinti emocine psichohigiena, kaip elgtis kylant neigiamoms emocijoms, stresui ar kitoms \u012ftampoms. Jaunuoliai dr\u0105siai ir atvirai dalinosi savo patirtimi ir i\u0161gyvenimais.<\/div>\n<div><\/div>\n<p><img loading=\"lazy\" decoding=\"async\" class=\"size-medium wp-image-6938 alignright\" src=\"https:\/\/nibd.lt\/wp-content\/uploads\/2022\/12\/1672354295169-300x225.jpg\" alt=\"\" width=\"300\" height=\"225\" srcset=\"https:\/\/nibd.lt\/wp-content\/uploads\/2022\/12\/1672354295169-300x225.jpg 300w, https:\/\/nibd.lt\/wp-content\/uploads\/2022\/12\/1672354295169-1024x768.jpg 1024w, https:\/\/nibd.lt\/wp-content\/uploads\/2022\/12\/1672354295169-768x576.jpg 768w, https:\/\/nibd.lt\/wp-content\/uploads\/2022\/12\/1672354295169-1536x1152.jpg 1536w, https:\/\/nibd.lt\/wp-content\/uploads\/2022\/12\/1672354295169-2048x1536.jpg 2048w, https:\/\/nibd.lt\/wp-content\/uploads\/2022\/12\/1672354295169-16x12.jpg 16w, https:\/\/nibd.lt\/wp-content\/uploads\/2022\/12\/1672354295169-400x300.jpg 400w\" sizes=\"auto, (max-width: 300px) 100vw, 300px\" \/><!--more-->\u0160i\u0173 mokym\u0173 metu jaunimas tobulino savo asmenines kompetencijas ir pl\u0117t\u0117 akirat\u012f ir pasaul\u0117\u017ei\u016br\u0105 keliaudami po Vilniaus senamiest\u012f ir klausydamiesi gido pasakojim\u0173 apie Vilniaus miesto istorij\u0105, architekt\u016bros paslaptis ir pan.<\/p>\n<div style=\"text-align: left\">Po mokym\u0173 kiekvienas jaunuolis gavo pa\u017eym\u0117jim\u0105, \u012frodant\u012f, kad ne tik smagiai, bet ir turiningai leido laik\u0105 mokydamiesi ir reflektuodami savo patirtis.<\/div>\n<div><img loading=\"lazy\" decoding=\"async\" class=\"size-medium wp-image-6939 alignleft\" src=\"https:\/\/nibd.lt\/wp-content\/uploads\/2022\/12\/1672354295165-300x225.jpg\" alt=\"\" width=\"300\" height=\"225\" srcset=\"https:\/\/nibd.lt\/wp-content\/uploads\/2022\/12\/1672354295165-300x225.jpg 300w, https:\/\/nibd.lt\/wp-content\/uploads\/2022\/12\/1672354295165-1024x768.jpg 1024w, https:\/\/nibd.lt\/wp-content\/uploads\/2022\/12\/1672354295165-768x576.jpg 768w, https:\/\/nibd.lt\/wp-content\/uploads\/2022\/12\/1672354295165-1536x1152.jpg 1536w, https:\/\/nibd.lt\/wp-content\/uploads\/2022\/12\/1672354295165-2048x1536.jpg 2048w, https:\/\/nibd.lt\/wp-content\/uploads\/2022\/12\/1672354295165-16x12.jpg 16w, https:\/\/nibd.lt\/wp-content\/uploads\/2022\/12\/1672354295165-400x300.jpg 400w\" sizes=\"auto, (max-width: 300px) 100vw, 300px\" \/><\/div>\n<\/div>\n<p style=\"text-align: justify\">\n<p style=\"text-align: justify\">\n<p style=\"text-align: justify\">\n<p style=\"text-align: justify\">\n<p style=\"text-align: justify\">\n<p style=\"text-align: justify\">U\u017e galimyb\u0119 organizuoti kokybi\u0161kus ir jaunimo poreikius atitinkan\u010dius mokymus d\u0117kojame <a href=\"https:\/\/vilnius.lt\/lt\/\">Vilniaus miesto savivaldybei<\/a>.<\/p>","protected":false},"excerpt":{"rendered":"<p>\u0160i\u0173 met\u0173 lapkri\u010dio 4-6 dienomis Vilniaus mieste vyko rudens jaunimo mokymai, kuri\u0173 metu\u00a020 aktyvi\u0173, linksm\u0173 jaunuoli\u0173\u00a0bendraam\u017ei\u0173 rate\u00a0ugd\u0117 socialinius \u012fg\u016bd\u017eius lydimi jaunimo darbuotoj\u0173. Mokym\u0173 metu buvo gilinamasi \u012f lygiaver\u010di\u0173, pasitik\u0117jimu gr\u012fst\u0173 santyki\u0173 k\u016brimo, emocin\u0117s sveikatos ir kritinio m\u0105stymo temas. Jaunuoliai\u00a0 dirbdami komandoje, porose ir individualiai steng\u0117si geriau suprasti savo tikruosius ir atpa\u017einti visuomen\u0117s primestus poreikius. Nagrin\u0117tos tvarumo ir atsakingo vartojimo temo, kurios suk\u0117l\u0117 daug diskusij\u0173. Tikimasi, kad prane\u0161\u0117j\u0173 pateikta informacija ir praktin\u0117s u\u017eduotys paskatins jaunim\u0105 keisti \u012fpro\u010dius prisidedant prie tvaresnio gyvenimo b\u016bdo bei atsakingesnio vartojimo.<\/p>","protected":false},"author":2,"featured_media":0,"comment_status":"closed","ping_status":"open","sticky":false,"template":"","format":"standard","meta":{"_uag_custom_page_level_css":"","ngg_post_thumbnail":0,"footnotes":""},"categories":[21],"tags":[],"class_list":["post-6935","post","type-post","status-publish","format-standard","hentry","category-vaje"],"featured_image_urls":{"full":"","thumbnail":"","medium":"","medium_large":"","large":"","1536x1536":"","2048x2048":"","trp-custom-language-flag":"","chromenews-featured":"","chromenews-large":"","chromenews-medium":""},"author_info":{"info":["Toma"]},"category_info":"<a href=\"https:\/\/nibd.lt\/en\/category\/vaje\/\" rel=\"category tag\">#VAJE<\/a>","tag_info":"#VAJE","comment_count":"0","uagb_featured_image_src":{"full":false,"thumbnail":false,"medium":false,"medium_large":false,"large":false,"1536x1536":false,"2048x2048":false,"trp-custom-language-flag":false,"chromenews-featured":false,"chromenews-large":false,"chromenews-medium":false},"uagb_author_info":{"display_name":"Toma","author_link":"https:\/\/nibd.lt\/en\/author\/toma\/"},"uagb_comment_info":0,"uagb_excerpt":"\u0160i\u0173 met\u0173 lapkri\u010dio 4-6 dienomis Vilniaus mieste vyko rudens jaunimo mokymai, kuri\u0173 metu\u00a020 aktyvi\u0173, linksm\u0173 jaunuoli\u0173\u00a0bendraam\u017ei\u0173 rate\u00a0ugd\u0117 socialinius \u012fg\u016bd\u017eius lydimi jaunimo darbuotoj\u0173. Mokym\u0173 metu buvo gilinamasi \u012f lygiaver\u010di\u0173, pasitik\u0117jimu gr\u012fst\u0173 santyki\u0173 k\u016brimo, emocin\u0117s sveikatos ir kritinio m\u0105stymo temas. Jaunuoliai\u00a0 dirbdami komandoje, porose ir individualiai steng\u0117si geriau suprasti savo tikruosius ir atpa\u017einti visuomen\u0117s primestus poreikius. Nagrin\u0117tos&hellip;","_links":{"self":[{"href":"https:\/\/nibd.lt\/en\/wp-json\/wp\/v2\/posts\/6935","targetHints":{"allow":["GET"]}}],"collection":[{"href":"https:\/\/nibd.lt\/en\/wp-json\/wp\/v2\/posts"}],"about":[{"href":"https:\/\/nibd.lt\/en\/wp-json\/wp\/v2\/types\/post"}],"author":[{"embeddable":true,"href":"https:\/\/nibd.lt\/en\/wp-json\/wp\/v2\/users\/2"}],"replies":[{"embeddable":true,"href":"https:\/\/nibd.lt\/en\/wp-json\/wp\/v2\/comments?post=6935"}],"version-history":[{"count":2,"href":"https:\/\/nibd.lt\/en\/wp-json\/wp\/v2\/posts\/6935\/revisions"}],"predecessor-version":[{"id":6941,"href":"https:\/\/nibd.lt\/en\/wp-json\/wp\/v2\/posts\/6935\/revisions\/6941"}],"wp:attachment":[{"href":"https:\/\/nibd.lt\/en\/wp-json\/wp\/v2\/media?parent=6935"}],"wp:term":[{"taxonomy":"category","embeddable":true,"href":"https:\/\/nibd.lt\/en\/wp-json\/wp\/v2\/categories?post=6935"},{"taxonomy":"post_tag","embeddable":true,"href":"https:\/\/nibd.lt\/en\/wp-json\/wp\/v2\/tags?post=6935"}],"curies":[{"name":"wp","href":"https:\/\/api.w.org\/{rel}","templated":true}]}}