{"id":6708,"date":"2022-07-26T09:51:42","date_gmt":"2022-07-26T06:51:42","guid":{"rendered":"https:\/\/nibd.lt\/?p=6708"},"modified":"2025-01-24T13:32:54","modified_gmt":"2025-01-24T10:32:54","slug":"kvieciame-registruotis-i-projekta-moksleiviai-i-vyriausybe-2022","status":"publish","type":"post","link":"https:\/\/nibd.lt\/en\/kvieciame-registruotis-i-projekta-moksleiviai-i-vyriausybe-2022\/","title":{"rendered":"Kvie\u010diame registruotis \u012f projekt\u0105 \u201eMoksleiviai \u2013 \u012f Vyriausyb\u0119 2022\u201c"},"content":{"rendered":"<p><img loading=\"lazy\" decoding=\"async\" class=\"alignnone size-full wp-image-6709\" src=\"https:\/\/nibd.lt\/wp-content\/uploads\/2022\/07\/2022.07.26.jpg\" alt=\"\" width=\"852\" height=\"536\" srcset=\"https:\/\/nibd.lt\/wp-content\/uploads\/2022\/07\/2022.07.26.jpg 852w, https:\/\/nibd.lt\/wp-content\/uploads\/2022\/07\/2022.07.26-300x189.jpg 300w, https:\/\/nibd.lt\/wp-content\/uploads\/2022\/07\/2022.07.26-768x483.jpg 768w, https:\/\/nibd.lt\/wp-content\/uploads\/2022\/07\/2022.07.26-18x12.jpg 18w, https:\/\/nibd.lt\/wp-content\/uploads\/2022\/07\/2022.07.26-477x300.jpg 477w\" sizes=\"auto, (max-width: 852px) 100vw, 852px\" \/><\/p>\n<p style=\"text-align: justify;\">Rugpj\u016b\u010dio 22\u201326 d. v\u0117l gyvai vyks aktyvaus ir pilieti\u0161ko jaunimo projektas \u201eMoksleiviai \u2013 \u012f Vyriausyb\u0119\u201c. 30 komisijos atrinkt\u0173 baigiam\u0173j\u0173 klasi\u0173 moksleivi\u0173 i\u0161 visos Lietuvos tur\u0117s unikali\u0105 galimyb\u0119 i\u0161 labai arti susipa\u017einti su Vyriausyb\u0117s veikla ir darbu vie\u0161ajame sektoriuje.<\/p>\n<p><!--more--><\/p>\n<p style=\"text-align: justify;\">\u201eNe kart\u0105 teko \u012fsitikinti, kiek daug turime iniciatyvi\u0173 ir neabejing\u0173 Lietuvos atei\u010diai jaun\u0173 \u017emoni\u0173. Pasitik\u0117dami jais jau \u0161iandien, neabejoju, dedame pamatus pilieti\u0161kai, atsakingai ir \u012fsiklausan\u010diai visuomenei. Projekto dalyviams moksleiviams linkiu niekuomet nepritr\u016bkti smalsumo, dr\u0105sos ir tik\u0117jimo tiek savimi, tiek Lietuvos ateitimi, kuri\u0105 visi drauge ir kuriame\u201c, \u2013 sako Ministr\u0117 Pirminink\u0117 Ingrida \u0160imonyt\u0117.<\/p>\n<p style=\"text-align: justify;\">\u0160i\u0173 met\u0173 projekto \u201eMoksleiviai \u2013 \u012f Vyriausyb\u0119\u201c tema \u2013 \u201eMoksleiviai Lietuvos atei\u010diai\u201c.<\/p>\n<p style=\"text-align: justify;\">Projekto organizatoriai ie\u0161ko motyvuot\u0173, smalsi\u0173, visuomenin\u0117se veiklose aktyviai dalyvaujan\u010di\u0173, gabi\u0173 moksleivi\u0173. Projekto dalyviai tur\u0117s galimyb\u0119 i\u0161 arti pamatyti Lietuvos institucij\u0173 ir politik\u0173 kasdien\u012f darb\u0105 ir savait\u0119 patys dalyvauti \u0161ioje veikloje. Moksleivi\u0173 lauks \u012ftraukiantys u\u017esi\u0117mimai ir k\u016brybi\u0161kos veiklos, taip pat bendra savait\u0117s u\u017eduotis, kurios tikslas \u2013 pasi\u016blyti sprendimus aktualiausiais valstyb\u0117s valdymo klausimais.<\/p>\n<p style=\"text-align: justify;\">Kandidat\u0173 dalyvauti projekte registracija vyks iki liepos 29 d. Projekte dalyvauti gali paskutinius arba prie\u0161paskutinius mokslo metus baig\u0119 moksleiviai.<\/p>\n<p style=\"text-align: justify;\">Pagrindin\u0117 informacija ir registracijos forma \u2013&nbsp;<a href=\"https:\/\/epilietis.lrv.lt\/lt\/apsilankyk-vyriausybeje\/moksleiviai-i-vyriausybe\" target=\"_blank\" rel=\"noreferrer noopener\">https:\/\/epilietis.lrv.lt\/lt\/apsilankyk-vyriausybeje\/moksleiviai-i-vyriausybe<\/a><\/p>\n<p style=\"text-align: justify;\">Projekt\u0105 nuo 2009 m. kasmet organizuoja Vyriausyb\u0117s kanceliarija kartu su partner\u0117mis \u2013 Lietuvos moksleivi\u0173 s\u0105junga ir Nacionaline moksleivi\u0173 akademija. Iki \u0161iol projekte dalyvavo beveik 400 moksleivi\u0173. \u0160iemet projektas vyks jau 14-\u0105j\u012f kart\u0105.<\/p>\n<p style=\"text-align: justify;\">Daugiau informacijos taip pat skelbiama projekto \u201e<a href=\"https:\/\/www.facebook.com\/MoksleiviaiIVyriausybe\/\" target=\"_blank\" rel=\"noreferrer noopener\">Facebook<\/a>\u201c ir \u201e<a href=\"https:\/\/www.instagram.com\/moksleiviai_i_vyriausybe\/\" target=\"_blank\" rel=\"noreferrer noopener\">Instagram<\/a>\u201c paskyrose.<\/p>","protected":false},"excerpt":{"rendered":"<p>Rugpj\u016b\u010dio 22\u201326 d. v\u0117l gyvai vyks aktyvaus ir pilieti\u0161ko jaunimo projektas \u201eMoksleiviai \u2013 \u012f Vyriausyb\u0119\u201c. 30 komisijos atrinkt\u0173 baigiam\u0173j\u0173 klasi\u0173 moksleivi\u0173 i\u0161 visos Lietuvos tur\u0117s unikali\u0105 galimyb\u0119 i\u0161 labai arti susipa\u017einti su Vyriausyb\u0117s veikla ir darbu vie\u0161ajame sektoriuje.<\/p>","protected":false},"author":1,"featured_media":0,"comment_status":"closed","ping_status":"open","sticky":false,"template":"","format":"standard","meta":{"_uag_custom_page_level_css":"","ngg_post_thumbnail":0,"footnotes":""},"categories":[23,7,21],"tags":[],"class_list":["post-6708","post","type-post","status-publish","format-standard","hentry","category-jaunimo-savanoriska-tarnyba","category-savanoriai-korepetitoriai","category-vaje"],"featured_image_urls":{"full":"","thumbnail":"","medium":"","medium_large":"","large":"","1536x1536":"","2048x2048":"","trp-custom-language-flag":"","chromenews-featured":"","chromenews-large":"","chromenews-medium":""},"author_info":{"info":["E. Lukas"]},"category_info":"<a href=\"https:\/\/nibd.lt\/en\/category\/jaunimo-savanoriska-tarnyba\/\" rel=\"category tag\">#Jaunimo savanori\u0161ka tarnyba<\/a> <a href=\"https:\/\/nibd.lt\/en\/category\/savanoriai-korepetitoriai\/\" rel=\"category tag\">#Savanoriai\u2013korepetitoriai<\/a> <a href=\"https:\/\/nibd.lt\/en\/category\/vaje\/\" rel=\"category tag\">#VAJE<\/a>","tag_info":"#VAJE","comment_count":"0","uagb_featured_image_src":{"full":false,"thumbnail":false,"medium":false,"medium_large":false,"large":false,"1536x1536":false,"2048x2048":false,"trp-custom-language-flag":false,"chromenews-featured":false,"chromenews-large":false,"chromenews-medium":false},"uagb_author_info":{"display_name":"E. Lukas","author_link":"https:\/\/nibd.lt\/en\/author\/neimtigmail-com\/"},"uagb_comment_info":0,"uagb_excerpt":"Rugpj\u016b\u010dio 22\u201326 d. v\u0117l gyvai vyks aktyvaus ir pilieti\u0161ko jaunimo projektas \u201eMoksleiviai \u2013 \u012f Vyriausyb\u0119\u201c. 30 komisijos atrinkt\u0173 baigiam\u0173j\u0173 klasi\u0173 moksleivi\u0173 i\u0161 visos Lietuvos tur\u0117s unikali\u0105 galimyb\u0119 i\u0161 labai arti susipa\u017einti su Vyriausyb\u0117s veikla ir darbu vie\u0161ajame sektoriuje.","_links":{"self":[{"href":"https:\/\/nibd.lt\/en\/wp-json\/wp\/v2\/posts\/6708","targetHints":{"allow":["GET"]}}],"collection":[{"href":"https:\/\/nibd.lt\/en\/wp-json\/wp\/v2\/posts"}],"about":[{"href":"https:\/\/nibd.lt\/en\/wp-json\/wp\/v2\/types\/post"}],"author":[{"embeddable":true,"href":"https:\/\/nibd.lt\/en\/wp-json\/wp\/v2\/users\/1"}],"replies":[{"embeddable":true,"href":"https:\/\/nibd.lt\/en\/wp-json\/wp\/v2\/comments?post=6708"}],"version-history":[{"count":5,"href":"https:\/\/nibd.lt\/en\/wp-json\/wp\/v2\/posts\/6708\/revisions"}],"predecessor-version":[{"id":8493,"href":"https:\/\/nibd.lt\/en\/wp-json\/wp\/v2\/posts\/6708\/revisions\/8493"}],"wp:attachment":[{"href":"https:\/\/nibd.lt\/en\/wp-json\/wp\/v2\/media?parent=6708"}],"wp:term":[{"taxonomy":"category","embeddable":true,"href":"https:\/\/nibd.lt\/en\/wp-json\/wp\/v2\/categories?post=6708"},{"taxonomy":"post_tag","embeddable":true,"href":"https:\/\/nibd.lt\/en\/wp-json\/wp\/v2\/tags?post=6708"}],"curies":[{"name":"wp","href":"https:\/\/api.w.org\/{rel}","templated":true}]}}