{"id":6048,"date":"2021-11-11T14:34:24","date_gmt":"2021-11-11T11:34:24","guid":{"rendered":"https:\/\/nibd.lt\/?p=6048"},"modified":"2025-01-20T15:05:16","modified_gmt":"2025-01-20T12:05:16","slug":"nacionaline-su-jaunimu-dirbanciuju-konferencija","status":"publish","type":"post","link":"https:\/\/nibd.lt\/en\/nacionaline-su-jaunimu-dirbanciuju-konferencija\/","title":{"rendered":"Nacionalin\u0117 su jaunimu dirban\u010di\u0173j\u0173 konferencija"},"content":{"rendered":"<p><img loading=\"lazy\" decoding=\"async\" class=\"alignnone size-large wp-image-6049\" src=\"https:\/\/nibd.lt\/wp-content\/uploads\/2021\/12\/2021.11.11-1024x1024.jpg\" alt=\"\" width=\"584\" height=\"584\" srcset=\"https:\/\/nibd.lt\/wp-content\/uploads\/2021\/12\/2021.11.11-1024x1024.jpg 1024w, https:\/\/nibd.lt\/wp-content\/uploads\/2021\/12\/2021.11.11-300x300.jpg 300w, https:\/\/nibd.lt\/wp-content\/uploads\/2021\/12\/2021.11.11-150x150.jpg 150w, https:\/\/nibd.lt\/wp-content\/uploads\/2021\/12\/2021.11.11-768x768.jpg 768w, https:\/\/nibd.lt\/wp-content\/uploads\/2021\/12\/2021.11.11.jpg 1200w\" sizes=\"auto, (max-width: 584px) 100vw, 584px\" \/><\/p>\n<p style=\"text-align: justify;\">2021.11.09-10 dienomis \u201eNe imti, bet duoti\u201c komanda dalyvavo Jaunimo reikal\u0173 departamento prie SADM organizuotame jaunimo reikal\u0173 koordinatori\u0173, darbuotoj\u0173, dirban\u010di\u0173 su jaunimu ir mentori\u0173 tinklo susitikime, kuriame komandos lyderiai aptar\u0117 jaunimo politikos aktualijas, sustiprino ry\u0161\u012f su jaunimo reikal\u0173 koordinatoriais ir kit\u0173 Lietuvos region\u0173 mentoriais.<\/p>\n<p>D\u0117kojame Jaunimo reikal\u0173 departamentui u\u017e r\u016bpest\u012f ir nor\u0105 kurti su jaunimu dirban\u010di\u0173j\u0173 tinkl\u0105 \ud83d\ude42<\/p>","protected":false},"excerpt":{"rendered":"<p>2021.11.09-10 dienomis \u201eNe imti, bet duoti\u201c komanda dalyvavo Jaunimo reikal\u0173 departamento prie SADM organizuotame jaunimo reikal\u0173 koordinatori\u0173, darbuotoj\u0173, dirban\u010di\u0173 su jaunimu ir mentori\u0173 tinklo susitikime, kuriame komandos lyderiai aptar\u0117 jaunimo politikos aktualijas, sustiprino ry\u0161\u012f su jaunimo reikal\u0173 koordinatoriais ir kit\u0173 Lietuvos region\u0173 mentoriais. D\u0117kojame Jaunimo reikal\u0173 departamentui u\u017e r\u016bpest\u012f ir nor\u0105 kurti su jaunimu dirban\u010di\u0173j\u0173 tinkl\u0105 \ud83d\ude42<\/p>","protected":false},"author":1,"featured_media":0,"comment_status":"closed","ping_status":"open","sticky":false,"template":"","format":"standard","meta":{"_uag_custom_page_level_css":"","ngg_post_thumbnail":0,"footnotes":""},"categories":[23],"tags":[],"class_list":["post-6048","post","type-post","status-publish","format-standard","hentry","category-jaunimo-savanoriska-tarnyba"],"featured_image_urls":{"full":"","thumbnail":"","medium":"","medium_large":"","large":"","1536x1536":"","2048x2048":"","trp-custom-language-flag":"","chromenews-featured":"","chromenews-large":"","chromenews-medium":""},"author_info":{"info":["E. Lukas"]},"category_info":"<a href=\"https:\/\/nibd.lt\/en\/category\/jaunimo-savanoriska-tarnyba\/\" rel=\"category tag\">#Jaunimo savanori\u0161ka tarnyba<\/a>","tag_info":"#Jaunimo savanori\u0161ka tarnyba","comment_count":"0","uagb_featured_image_src":{"full":false,"thumbnail":false,"medium":false,"medium_large":false,"large":false,"1536x1536":false,"2048x2048":false,"trp-custom-language-flag":false,"chromenews-featured":false,"chromenews-large":false,"chromenews-medium":false},"uagb_author_info":{"display_name":"E. Lukas","author_link":"https:\/\/nibd.lt\/en\/author\/neimtigmail-com\/"},"uagb_comment_info":0,"uagb_excerpt":"2021.11.09-10 dienomis \u201eNe imti, bet duoti\u201c komanda dalyvavo Jaunimo reikal\u0173 departamento prie SADM organizuotame jaunimo reikal\u0173 koordinatori\u0173, darbuotoj\u0173, dirban\u010di\u0173 su jaunimu ir mentori\u0173 tinklo susitikime, kuriame komandos lyderiai aptar\u0117 jaunimo politikos aktualijas, sustiprino ry\u0161\u012f su jaunimo reikal\u0173 koordinatoriais ir kit\u0173 Lietuvos region\u0173 mentoriais. D\u0117kojame Jaunimo reikal\u0173 departamentui u\u017e r\u016bpest\u012f ir nor\u0105 kurti su jaunimu dirban\u010di\u0173j\u0173&hellip;","_links":{"self":[{"href":"https:\/\/nibd.lt\/en\/wp-json\/wp\/v2\/posts\/6048","targetHints":{"allow":["GET"]}}],"collection":[{"href":"https:\/\/nibd.lt\/en\/wp-json\/wp\/v2\/posts"}],"about":[{"href":"https:\/\/nibd.lt\/en\/wp-json\/wp\/v2\/types\/post"}],"author":[{"embeddable":true,"href":"https:\/\/nibd.lt\/en\/wp-json\/wp\/v2\/users\/1"}],"replies":[{"embeddable":true,"href":"https:\/\/nibd.lt\/en\/wp-json\/wp\/v2\/comments?post=6048"}],"version-history":[{"count":2,"href":"https:\/\/nibd.lt\/en\/wp-json\/wp\/v2\/posts\/6048\/revisions"}],"predecessor-version":[{"id":6051,"href":"https:\/\/nibd.lt\/en\/wp-json\/wp\/v2\/posts\/6048\/revisions\/6051"}],"wp:attachment":[{"href":"https:\/\/nibd.lt\/en\/wp-json\/wp\/v2\/media?parent=6048"}],"wp:term":[{"taxonomy":"category","embeddable":true,"href":"https:\/\/nibd.lt\/en\/wp-json\/wp\/v2\/categories?post=6048"},{"taxonomy":"post_tag","embeddable":true,"href":"https:\/\/nibd.lt\/en\/wp-json\/wp\/v2\/tags?post=6048"}],"curies":[{"name":"wp","href":"https:\/\/api.w.org\/{rel}","templated":true}]}}