{"id":5282,"date":"2020-12-09T15:04:21","date_gmt":"2020-12-09T12:04:21","guid":{"rendered":"http:\/\/nibd.lt\/?p=5282"},"modified":"2025-01-22T17:07:47","modified_gmt":"2025-01-22T14:07:47","slug":"kvieciame-pasiklausyti-ka-is-tiesu-reiskia-ne-imti-bet-duoti-xxi-a","status":"publish","type":"post","link":"https:\/\/nibd.lt\/en\/kvieciame-pasiklausyti-ka-is-tiesu-reiskia-ne-imti-bet-duoti-xxi-a\/","title":{"rendered":"Kvie\u010diame pasiklausyti, k\u0105 i\u0161 ties\u0173 rei\u0161kia ne imti, bet duoti XXI a."},"content":{"rendered":"<div style=\"text-align: justify;\"><a href=\"https:\/\/www.facebook.com\/Lietuvos.verslo.kolegija\" target=\"_blank\" rel=\"noopener\" data-saferedirecturl=\"https:\/\/www.google.com\/url?q=https:\/\/www.facebook.com\/Lietuvos.verslo.kolegija&amp;source=gmail&amp;ust=1607596321331000&amp;usg=AFQjCNGwhoTIIUgL4sDBDgzUzuKCzCzz3A\">Lietuvos verslo kolegijos<\/a> d\u0117ka komandos atstov\u0117 tur\u0117jo galimyb\u0119 dalyvauti renginyje \u201eY IR Z KARTOS GYVENIMAS. I\u0161\u0161\u016bkiai, galimyb\u0117s ir saviugda\u201c.<\/div>\n<div style=\"text-align: justify;\">D\u017eiaugiam\u0117s, kad gal\u0117jome kalb\u0117ti organizacijai labai svarbia tema \u201eK\u0105 i\u0161 ties\u0173 rei\u0161kia ne imti, bet duoti XXI a.\u201c<\/div>\n<div style=\"text-align: justify;\">Vis\u0105 renginio \u012fra\u0161\u0105 galite rasti&nbsp;<a href=\"https:\/\/www.facebook.com\/Lietuvos.verslo.kolegija\/videos\/314164132975403\" target=\"_blank\" rel=\"noopener\" data-saferedirecturl=\"https:\/\/www.google.com\/url?q=https:\/\/www.facebook.com\/Lietuvos.verslo.kolegija\/videos\/314164132975403&amp;source=gmail&amp;ust=1607596321331000&amp;usg=AFQjCNHquJxhgpDZrFXI4A29D0Laz0ZSpg\">here<\/a><\/div>\n<div>&nbsp;<\/div>\n<div><img loading=\"lazy\" decoding=\"async\" class=\"aligncenter size-full wp-image-5283\" src=\"http:\/\/nibd.lt\/wp-content\/uploads\/2020\/12\/2020.12.09-scaled.jpg\" alt=\"\" width=\"2560\" height=\"2560\" srcset=\"https:\/\/nibd.lt\/wp-content\/uploads\/2020\/12\/2020.12.09-scaled.jpg 2560w, https:\/\/nibd.lt\/wp-content\/uploads\/2020\/12\/2020.12.09-300x300.jpg 300w\" sizes=\"auto, (max-width: 2560px) 100vw, 2560px\" \/><\/div>","protected":false},"excerpt":{"rendered":"<p>Lietuvos verslo kolegijos d\u0117ka komandos atstov\u0117 tur\u0117jo galimyb\u0119 dalyvauti renginyje \u201eY IR Z KARTOS GYVENIMAS. I\u0161\u0161\u016bkiai, galimyb\u0117s ir saviugda\u201c. D\u017eiaugiam\u0117s, kad gal\u0117jome kalb\u0117ti organizacijai labai svarbia tema \u201eK\u0105 i\u0161 ties\u0173 rei\u0161kia ne imti, bet duoti XXI a.\u201c Vis\u0105 renginio \u012fra\u0161\u0105 galite rasti&nbsp;\u010dia &nbsp;<\/p>","protected":false},"author":1,"featured_media":0,"comment_status":"closed","ping_status":"open","sticky":false,"template":"","format":"standard","meta":{"_uag_custom_page_level_css":"","ngg_post_thumbnail":0,"footnotes":""},"categories":[23,7],"tags":[],"class_list":["post-5282","post","type-post","status-publish","format-standard","hentry","category-jaunimo-savanoriska-tarnyba","category-savanoriai-korepetitoriai"],"featured_image_urls":{"full":"","thumbnail":"","medium":"","medium_large":"","large":"","1536x1536":"","2048x2048":"","trp-custom-language-flag":"","chromenews-featured":"","chromenews-large":"","chromenews-medium":""},"author_info":{"info":["E. Lukas"]},"category_info":"<a href=\"https:\/\/nibd.lt\/en\/category\/jaunimo-savanoriska-tarnyba\/\" rel=\"category tag\">#Jaunimo savanori\u0161ka tarnyba<\/a> <a href=\"https:\/\/nibd.lt\/en\/category\/savanoriai-korepetitoriai\/\" rel=\"category tag\">#Savanoriai\u2013korepetitoriai<\/a>","tag_info":"#Savanoriai\u2013korepetitoriai","comment_count":"0","uagb_featured_image_src":{"full":false,"thumbnail":false,"medium":false,"medium_large":false,"large":false,"1536x1536":false,"2048x2048":false,"trp-custom-language-flag":false,"chromenews-featured":false,"chromenews-large":false,"chromenews-medium":false},"uagb_author_info":{"display_name":"E. Lukas","author_link":"https:\/\/nibd.lt\/en\/author\/neimtigmail-com\/"},"uagb_comment_info":0,"uagb_excerpt":"Lietuvos verslo kolegijos d\u0117ka komandos atstov\u0117 tur\u0117jo galimyb\u0119 dalyvauti renginyje \u201eY IR Z KARTOS GYVENIMAS. I\u0161\u0161\u016bkiai, galimyb\u0117s ir saviugda\u201c. D\u017eiaugiam\u0117s, kad gal\u0117jome kalb\u0117ti organizacijai labai svarbia tema \u201eK\u0105 i\u0161 ties\u0173 rei\u0161kia ne imti, bet duoti XXI a.\u201c Vis\u0105 renginio \u012fra\u0161\u0105 galite rasti&nbsp;\u010dia &nbsp;","_links":{"self":[{"href":"https:\/\/nibd.lt\/en\/wp-json\/wp\/v2\/posts\/5282","targetHints":{"allow":["GET"]}}],"collection":[{"href":"https:\/\/nibd.lt\/en\/wp-json\/wp\/v2\/posts"}],"about":[{"href":"https:\/\/nibd.lt\/en\/wp-json\/wp\/v2\/types\/post"}],"author":[{"embeddable":true,"href":"https:\/\/nibd.lt\/en\/wp-json\/wp\/v2\/users\/1"}],"replies":[{"embeddable":true,"href":"https:\/\/nibd.lt\/en\/wp-json\/wp\/v2\/comments?post=5282"}],"version-history":[{"count":2,"href":"https:\/\/nibd.lt\/en\/wp-json\/wp\/v2\/posts\/5282\/revisions"}],"predecessor-version":[{"id":5286,"href":"https:\/\/nibd.lt\/en\/wp-json\/wp\/v2\/posts\/5282\/revisions\/5286"}],"wp:attachment":[{"href":"https:\/\/nibd.lt\/en\/wp-json\/wp\/v2\/media?parent=5282"}],"wp:term":[{"taxonomy":"category","embeddable":true,"href":"https:\/\/nibd.lt\/en\/wp-json\/wp\/v2\/categories?post=5282"},{"taxonomy":"post_tag","embeddable":true,"href":"https:\/\/nibd.lt\/en\/wp-json\/wp\/v2\/tags?post=5282"}],"curies":[{"name":"wp","href":"https:\/\/api.w.org\/{rel}","templated":true}]}}