{"id":3458,"date":"2019-11-15T20:52:15","date_gmt":"2019-11-15T18:52:15","guid":{"rendered":"http:\/\/neimtibetduoti.com\/?p=3458"},"modified":"2025-01-22T17:25:19","modified_gmt":"2025-01-22T14:25:19","slug":"nuo-siol-kryptingai-dirbsime-su-istiesk-pagalbos-ranka","status":"publish","type":"post","link":"https:\/\/nibd.lt\/en\/nuo-siol-kryptingai-dirbsime-su-istiesk-pagalbos-ranka\/","title":{"rendered":"Nuo \u0161iol kryptingai dirbsime su \u201eI\u0161tiesk pagalbos rank\u0105\u201c"},"content":{"rendered":"<p><img loading=\"lazy\" decoding=\"async\" class=\"size-medium wp-image-3476 aligncenter\" src=\"https:\/\/nibdblog.files.wordpress.com\/2019\/11\/istiesk-pagalbos-ranka.jpg?w=300\" alt=\"Istiesk pagalbos ranka\" width=\"300\" height=\"300\" \/><\/p>\n<p style=\"text-align:justify;\">Nenustojame pl\u0117sti draug\u0173 tinklo, siekdami, kad duo daugiau jaunuoli\u0173 tur\u0117t\u0173 daugiau\u00a0 galimybi\u0173 gyvent\u012f pilnavert\u012f gyvenim\u0105 \ud83d\ude42<\/p>\n<p style=\"text-align:justify;\">V\u0161\u012e \u201eI\u0161tiesk pagalbos rank\u0105\u201c yra socialini\u0173 paslaug\u0173 ir paramos pl\u0117tros organizacija, kuri padeda sunkiai besiver\u010dian\u010dioms \u0161eimoms ir vaikams visoje Lietuvoje.<!--more--><\/p>\n<p style=\"text-align:justify;\">\u0160i organizacija \u012fsteig\u0117 dienos centr\u0105 \u201e\u0160ypsena\u201c (2016 m.), o 2018 m. dienos centr\u0105 \u201eMeil\u0117s la\u0161elis\u201e skirt\u0105 vaikams, turintiems raidos sutrikim\u0173, autizmo spektro sutrikim\u0173, bei vaikams i\u0161 rizikos \u0161eim\u0173. Dienos centr\u0105 lanko ir socialiai aktyvi\u0173 \u0161eim\u0173 vaikai. \u012e dienos centro veiklas \u012ftraukiami ir t\u0117vai.<\/p>\n<p style=\"text-align:justify;\">\u201e\u0160ypsenoje\u201c ir \u201eMeil\u0117s la\u0161elyje\u201c taikoma TEACH metodika \u2013 strukt\u016bruotas mokymas bei\u00a0PECS metodika, kad vaikai su autizmo spektro sutrikimu gal\u0117t\u0173 veiksmingai bendrauti su aplinka. Pagrindin\u0117 u\u017eduotis yra i\u0161mokyti vaik\u0105 \u012fvairi\u0173 socialini\u0173 elgesio ir reakcij\u0173 modeli\u0173, kuri\u0173 jis negali perprasti savaime.<\/p>","protected":false},"excerpt":{"rendered":"<p>Nenustojame pl\u0117sti draug\u0173 tinklo, siekdami, kad duo daugiau jaunuoli\u0173 tur\u0117t\u0173 daugiau\u00a0 galimybi\u0173 gyvent\u012f pilnavert\u012f gyvenim\u0105 \ud83d\ude42 V\u0161\u012e \u201eI\u0161tiesk pagalbos rank\u0105\u201c yra socialini\u0173 paslaug\u0173 ir paramos pl\u0117tros organizacija, kuri padeda sunkiai besiver\u010dian\u010dioms \u0161eimoms ir vaikams visoje Lietuvoje.<\/p>","protected":false},"author":1,"featured_media":0,"comment_status":"closed","ping_status":"open","sticky":false,"template":"","format":"standard","meta":{"_uag_custom_page_level_css":"","ngg_post_thumbnail":0,"footnotes":""},"categories":[23],"tags":[],"class_list":["post-3458","post","type-post","status-publish","format-standard","hentry","category-jaunimo-savanoriska-tarnyba"],"featured_image_urls":{"full":"","thumbnail":"","medium":"","medium_large":"","large":"","1536x1536":"","2048x2048":"","trp-custom-language-flag":"","chromenews-featured":"","chromenews-large":"","chromenews-medium":""},"author_info":{"info":["E. Lukas"]},"category_info":"<a href=\"https:\/\/nibd.lt\/en\/category\/jaunimo-savanoriska-tarnyba\/\" rel=\"category tag\">#Jaunimo savanori\u0161ka tarnyba<\/a>","tag_info":"#Jaunimo savanori\u0161ka tarnyba","comment_count":"0","uagb_featured_image_src":{"full":false,"thumbnail":false,"medium":false,"medium_large":false,"large":false,"1536x1536":false,"2048x2048":false,"trp-custom-language-flag":false,"chromenews-featured":false,"chromenews-large":false,"chromenews-medium":false},"uagb_author_info":{"display_name":"E. Lukas","author_link":"https:\/\/nibd.lt\/en\/author\/neimtigmail-com\/"},"uagb_comment_info":0,"uagb_excerpt":"Nenustojame pl\u0117sti draug\u0173 tinklo, siekdami, kad duo daugiau jaunuoli\u0173 tur\u0117t\u0173 daugiau\u00a0 galimybi\u0173 gyvent\u012f pilnavert\u012f gyvenim\u0105 \ud83d\ude42 V\u0161\u012e \u201eI\u0161tiesk pagalbos rank\u0105\u201c yra socialini\u0173 paslaug\u0173 ir paramos pl\u0117tros organizacija, kuri padeda sunkiai besiver\u010dian\u010dioms \u0161eimoms ir vaikams visoje Lietuvoje.","_links":{"self":[{"href":"https:\/\/nibd.lt\/en\/wp-json\/wp\/v2\/posts\/3458","targetHints":{"allow":["GET"]}}],"collection":[{"href":"https:\/\/nibd.lt\/en\/wp-json\/wp\/v2\/posts"}],"about":[{"href":"https:\/\/nibd.lt\/en\/wp-json\/wp\/v2\/types\/post"}],"author":[{"embeddable":true,"href":"https:\/\/nibd.lt\/en\/wp-json\/wp\/v2\/users\/1"}],"replies":[{"embeddable":true,"href":"https:\/\/nibd.lt\/en\/wp-json\/wp\/v2\/comments?post=3458"}],"version-history":[{"count":1,"href":"https:\/\/nibd.lt\/en\/wp-json\/wp\/v2\/posts\/3458\/revisions"}],"predecessor-version":[{"id":3548,"href":"https:\/\/nibd.lt\/en\/wp-json\/wp\/v2\/posts\/3458\/revisions\/3548"}],"wp:attachment":[{"href":"https:\/\/nibd.lt\/en\/wp-json\/wp\/v2\/media?parent=3458"}],"wp:term":[{"taxonomy":"category","embeddable":true,"href":"https:\/\/nibd.lt\/en\/wp-json\/wp\/v2\/categories?post=3458"},{"taxonomy":"post_tag","embeddable":true,"href":"https:\/\/nibd.lt\/en\/wp-json\/wp\/v2\/tags?post=3458"}],"curies":[{"name":"wp","href":"https:\/\/api.w.org\/{rel}","templated":true}]}}