{"id":3366,"date":"2019-10-03T10:27:11","date_gmt":"2019-10-03T07:27:11","guid":{"rendered":"http:\/\/neimtibetduoti.com\/?p=3366"},"modified":"2025-01-22T17:29:12","modified_gmt":"2025-01-22T14:29:12","slug":"savanoriu-mokymai-2019","status":"publish","type":"post","link":"https:\/\/nibd.lt\/en\/savanoriu-mokymai-2019\/","title":{"rendered":"Savanori\u0173 mokymai 2019!"},"content":{"rendered":"<div style=\"width: 640px;\" class=\"wp-video\"><!--[if lt IE 9]><script>document.createElement('video');<\/script><![endif]-->\n<video class=\"wp-video-shortcode\" id=\"video-3366-1\" width=\"640\" height=\"360\" preload=\"metadata\" controls=\"controls\"><source type=\"video\/mp4\" src=\"http:\/\/nibd.lt\/wp-content\/uploads\/2019\/10\/nibd-savanoric5b3-mokymai_2019.09.28-2_hd.mp4?_=1\" \/><a href=\"http:\/\/nibd.lt\/wp-content\/uploads\/2019\/10\/nibd-savanoric5b3-mokymai_2019.09.28-2_hd.mp4\">http:\/\/nibd.lt\/wp-content\/uploads\/2019\/10\/nibd-savanoric5b3-mokymai_2019.09.28-2_hd.mp4<\/a><\/video><\/div>\n<p style=\"text-align: justify;\">2019\u20132020 mokslo metus prad\u0117jome kasmetiniais savanori\u0173 mokymais! Paskutinis rugs\u0117jo \u0161e\u0161tadienis tradici\u010dkai tapo rimta pasiruo\u0161imo savanori\u0161kai veiklai diena.<\/p>\n<p style=\"text-align: justify;\">Pas jaunuolius i\u0161leid\u017eiame nauj\u0105 b\u016br\u012f savanori\u0173, pasiry\u017eusi\u0173 dalintis bendryste, skleisti g\u0117r\u012f ir u\u017ekr\u0117sti empatija \ud83d\ude42<!--more--><\/p>\n<p style=\"text-align: justify;\">Pasikaust\u0119 naujomis \u017ei<span class=\"text_exposed_show\">nomis, pasis\u0117m\u0119 nauj\u0173 id\u0117j\u0173, susipa\u017ein\u0119 tarpusavyje, savanoriai startuoja ir traukia pas vaikus!<\/span><\/p>\n<p style=\"text-align: justify;\">Linkime visiems stipryb\u0117s ir vienyb\u0117s savanori\u0161kos veiklos kelyje. Bendryst\u0117 \u2013 puikiausias dalykas kuriuo galime dalintis&nbsp;<span class=\"_47e3 _5mfr\" title=\"smile jaustukas\"><img loading=\"lazy\" decoding=\"async\" class=\"img\" role=\"presentation\" src=\"https:\/\/static.xx.fbcdn.net\/images\/emoji.php\/v9\/f4c\/1\/16\/1f642.png\" alt=\"\" width=\"16\" height=\"16\"><\/span><\/p>\n<p style=\"text-align: justify;\">U\u017e mokym\u0173 organizavim\u0105 ir \u012fgyvendinim\u0105 d\u0117kojame m\u016bs\u0173 \u0161auniausiems komandos nariams:&nbsp;<a class=\"profileLink\" href=\"https:\/\/www.facebook.com\/toma.bradunaite?__tn__=KH-R&amp;eid=ARBZz1D88xHSOMxg9ajuQ-jjl9AzhYjQld5AptR891AKnDMt3drGhgT75cUbLp77LjimB-z3aBeE4IA1&amp;fref=mentions&amp;__xts__%5B0%5D=68.ARBmWh-pghWZW3JPJZUEbnTYl2E6flfZ5tzAt45YA2nfRLz_gElBpRUx0zsjTFvQC4y_6nb5nHig8GMcbvbOzZHohnb81EOE0WvuPJiye7MaxBQha8Vq79RERepXjrwAuYiDwOlGInBzM9ivK3UVDyR6wU3BV00w1bfsujT5C_yrn9Ll1qeNkA\" target=\"_blank\" rel=\"noopener noreferrer\">Tomai Brad\u016bnaitei<\/a>, <a class=\"profileLink\" href=\"https:\/\/www.facebook.com\/monika.bradunaite?__tn__=KH-R&amp;eid=ARC3pJqt7ElSCuqbrAqjpibLTCWU9t60o5tSn1wH2NEQVDL0CMjsCZGbH5NPHVg2c49mLByj4FlMaq3D&amp;fref=mentions&amp;__xts__%5B0%5D=68.ARBmWh-pghWZW3JPJZUEbnTYl2E6flfZ5tzAt45YA2nfRLz_gElBpRUx0zsjTFvQC4y_6nb5nHig8GMcbvbOzZHohnb81EOE0WvuPJiye7MaxBQha8Vq79RERepXjrwAuYiDwOlGInBzM9ivK3UVDyR6wU3BV00w1bfsujT5C_yrn9Ll1qeNkA\" target=\"_blank\" rel=\"noopener noreferrer\">Monikai U\u017ekurienei<\/a>, <a class=\"profileLink\" href=\"https:\/\/www.facebook.com\/simona.bur?__tn__=KH-R&amp;eid=ARCIMshNsKJnXwbzarYtfRJI3fJs1I73BVGi17vaq79ILocyJNb5cp75h60keZdGBsIvuBOX41ILFU4A&amp;fref=mentions&amp;__xts__%5B0%5D=68.ARBmWh-pghWZW3JPJZUEbnTYl2E6flfZ5tzAt45YA2nfRLz_gElBpRUx0zsjTFvQC4y_6nb5nHig8GMcbvbOzZHohnb81EOE0WvuPJiye7MaxBQha8Vq79RERepXjrwAuYiDwOlGInBzM9ivK3UVDyR6wU3BV00w1bfsujT5C_yrn9Ll1qeNkA\" target=\"_blank\" rel=\"noopener noreferrer\">Simonai Burbulytei<\/a>, <a href=\"https:\/\/www.facebook.com\/gerda.venclovaite.9?ref=br_rs\" target=\"_blank\" rel=\"noopener noreferrer\">Gerdai Venclovaitei<\/a>,&nbsp;<a class=\"profileLink\" href=\"https:\/\/www.facebook.com\/emilija.blaskeviciute?__tn__=KH-R&amp;eid=ARASe2a6FTSS2Ln30r4_hBXBp7jmZUOja7SjRuFaGFS-OAoFPMtOFJUP-gI0eBUMFh-hzMcTYWUFdQrJ&amp;fref=mentions&amp;__xts__%5B0%5D=68.ARBmWh-pghWZW3JPJZUEbnTYl2E6flfZ5tzAt45YA2nfRLz_gElBpRUx0zsjTFvQC4y_6nb5nHig8GMcbvbOzZHohnb81EOE0WvuPJiye7MaxBQha8Vq79RERepXjrwAuYiDwOlGInBzM9ivK3UVDyR6wU3BV00w1bfsujT5C_yrn9Ll1qeNkA\" target=\"_blank\" rel=\"noopener noreferrer\">Emilijai Bla\u0161kevi\u010di\u016btei,<\/a> <a href=\"https:\/\/www.facebook.com\/lukas.dvilevicius\" target=\"_blank\" rel=\"noopener noreferrer\">E. Lukui Dvilevi\u010diui<\/a> ir naujosioms kurator\u0117ms <a href=\"https:\/\/www.facebook.com\/dovile.ajauskaite?ref=br_rs\" target=\"_blank\" rel=\"noopener noreferrer\">Dovilei Ajauskaitei<\/a> bei <a href=\"https:\/\/www.facebook.com\/deimante.puryte\" target=\"_blank\" rel=\"noopener noreferrer\">Deimantei Purytei<\/a>&nbsp;&nbsp;<span class=\"_47e3 _5mfr\" title=\"heart jaustukas\"><img loading=\"lazy\" decoding=\"async\" class=\"img\" role=\"presentation\" src=\"https:\/\/static.xx.fbcdn.net\/images\/emoji.php\/v9\/f6c\/1\/16\/2764.png\" alt=\"\" width=\"16\" height=\"16\"><\/span><\/p>\n<p style=\"text-align: justify;\">U\u017e gra\u017ei\u0173 akimirk\u0173 \u012fam\u017einim\u0105 d\u0117kojame m\u016bs\u0173 savanoriui <a href=\"https:\/\/www.facebook.com\/akka.agar\" target=\"_blank\" rel=\"noopener noreferrer\">Tomui <\/a>\ud83d\ude42<\/p>\n<p style=\"text-align: justify;\">Esame labai d\u0117kingi r\u0117m\u0117jams ir partneriams u\u017e j\u0173 ind\u0117l\u012f mokym\u0173 kokybei:<br \/>\nLektorei <a href=\"https:\/\/www.facebook.com\/juskienevilma\/?ref=br_rs\" target=\"_blank\" rel=\"noopener noreferrer\">Vilmai Ju\u0161kienei<\/a> u\u017e paskait\u0105 \u201eVaiko emocinis intelektas: kaip \u017einoti kiek jo yra ir kaip j\u012f ugdyti?\u201c.<br \/>\n<a class=\"profileLink\" href=\"https:\/\/www.facebook.com\/kultura.vu.lt\/?__tn__=KH-R&amp;eid=ARDwSigy6lL7CnMMQug285uY0ymrLNM-MPLmYSWz5mOad6dsuayM0nF14sokhAGc-gRR_szhJlPTE0ZF&amp;fref=mentions&amp;__xts__%5B0%5D=68.ARBmWh-pghWZW3JPJZUEbnTYl2E6flfZ5tzAt45YA2nfRLz_gElBpRUx0zsjTFvQC4y_6nb5nHig8GMcbvbOzZHohnb81EOE0WvuPJiye7MaxBQha8Vq79RERepXjrwAuYiDwOlGInBzM9ivK3UVDyR6wU3BV00w1bfsujT5C_yrn9Ll1qeNkA\">VU Kult\u016bros centrui<\/a>, u\u017e suteiktas patalpas.<br \/>\n<a href=\"http:\/\/www.fejukepyklele.lt\" target=\"_blank\" rel=\"noopener noreferrer\">F\u0117j\u0173 kepykl\u0117lei<\/a>, u\u017e nuostabaus skonio pyrag\u0105.<br \/>\n<a href=\"https:\/\/www.facebook.com\/RiesesKepyklele\/\" target=\"_blank\" rel=\"noopener noreferrer\">Rie\u0161\u0117s kepykl\u0117lei<\/a>, u\u017e gard\u017eius keksiukus ir sausainius.<br \/>\nPicerijai <a href=\"https:\/\/pizzadiascari.lt\" target=\"_blank\" rel=\"noopener noreferrer\">DiAscari<\/a>, u\u017e puikius pietus mokym\u0173 metu.<\/p>","protected":false},"excerpt":{"rendered":"<p>2019\u20132020 mokslo metus prad\u0117jome kasmetiniais savanori\u0173 mokymais! Paskutinis rugs\u0117jo \u0161e\u0161tadienis tradici\u010dkai tapo rimta pasiruo\u0161imo savanori\u0161kai veiklai diena. Pas jaunuolius i\u0161leid\u017eiame nauj\u0105 b\u016br\u012f savanori\u0173, pasiry\u017eusi\u0173 dalintis bendryste, skleisti g\u0117r\u012f ir u\u017ekr\u0117sti empatija \ud83d\ude42<\/p>","protected":false},"author":1,"featured_media":0,"comment_status":"closed","ping_status":"open","sticky":false,"template":"","format":"standard","meta":{"_uag_custom_page_level_css":"","ngg_post_thumbnail":0,"footnotes":""},"categories":[23],"tags":[],"class_list":["post-3366","post","type-post","status-publish","format-standard","hentry","category-jaunimo-savanoriska-tarnyba"],"featured_image_urls":{"full":"","thumbnail":"","medium":"","medium_large":"","large":"","1536x1536":"","2048x2048":"","trp-custom-language-flag":"","chromenews-featured":"","chromenews-large":"","chromenews-medium":""},"author_info":{"info":["E. Lukas"]},"category_info":"<a href=\"https:\/\/nibd.lt\/en\/category\/jaunimo-savanoriska-tarnyba\/\" rel=\"category tag\">#Jaunimo savanori\u0161ka tarnyba<\/a>","tag_info":"#Jaunimo savanori\u0161ka tarnyba","comment_count":"0","uagb_featured_image_src":{"full":false,"thumbnail":false,"medium":false,"medium_large":false,"large":false,"1536x1536":false,"2048x2048":false,"trp-custom-language-flag":false,"chromenews-featured":false,"chromenews-large":false,"chromenews-medium":false},"uagb_author_info":{"display_name":"E. Lukas","author_link":"https:\/\/nibd.lt\/en\/author\/neimtigmail-com\/"},"uagb_comment_info":0,"uagb_excerpt":"2019\u20132020 mokslo metus prad\u0117jome kasmetiniais savanori\u0173 mokymais! Paskutinis rugs\u0117jo \u0161e\u0161tadienis tradici\u010dkai tapo rimta pasiruo\u0161imo savanori\u0161kai veiklai diena. Pas jaunuolius i\u0161leid\u017eiame nauj\u0105 b\u016br\u012f savanori\u0173, pasiry\u017eusi\u0173 dalintis bendryste, skleisti g\u0117r\u012f ir u\u017ekr\u0117sti empatija \ud83d\ude42","_links":{"self":[{"href":"https:\/\/nibd.lt\/en\/wp-json\/wp\/v2\/posts\/3366","targetHints":{"allow":["GET"]}}],"collection":[{"href":"https:\/\/nibd.lt\/en\/wp-json\/wp\/v2\/posts"}],"about":[{"href":"https:\/\/nibd.lt\/en\/wp-json\/wp\/v2\/types\/post"}],"author":[{"embeddable":true,"href":"https:\/\/nibd.lt\/en\/wp-json\/wp\/v2\/users\/1"}],"replies":[{"embeddable":true,"href":"https:\/\/nibd.lt\/en\/wp-json\/wp\/v2\/comments?post=3366"}],"version-history":[{"count":2,"href":"https:\/\/nibd.lt\/en\/wp-json\/wp\/v2\/posts\/3366\/revisions"}],"predecessor-version":[{"id":4527,"href":"https:\/\/nibd.lt\/en\/wp-json\/wp\/v2\/posts\/3366\/revisions\/4527"}],"wp:attachment":[{"href":"https:\/\/nibd.lt\/en\/wp-json\/wp\/v2\/media?parent=3366"}],"wp:term":[{"taxonomy":"category","embeddable":true,"href":"https:\/\/nibd.lt\/en\/wp-json\/wp\/v2\/categories?post=3366"},{"taxonomy":"post_tag","embeddable":true,"href":"https:\/\/nibd.lt\/en\/wp-json\/wp\/v2\/tags?post=3366"}],"curies":[{"name":"wp","href":"https:\/\/api.w.org\/{rel}","templated":true}]}}