{"id":2933,"date":"2019-03-16T22:46:01","date_gmt":"2019-03-16T20:46:01","guid":{"rendered":"http:\/\/neimtibetduoti.com\/?p=2933"},"modified":"2020-04-27T18:54:01","modified_gmt":"2020-04-27T18:54:01","slug":"protu-kovos-su-sos-vaiku-kaimo-bendruomene","status":"publish","type":"post","link":"https:\/\/nibd.lt\/en\/protu-kovos-su-sos-vaiku-kaimo-bendruomene\/","title":{"rendered":"Prot\u0173 kovos su SOS vaik\u0173 kaimo bendruomene!"},"content":{"rendered":"<p><img loading=\"lazy\" decoding=\"async\" class=\"alignnone size-full wp-image-2934\" src=\"https:\/\/nibdblog.files.wordpress.com\/2019\/03\/protc5b3-kova-su-sos-bendruomene_2019.03.14.jpg\" alt=\"Prot\u0173 kova su SOS bendruomene_2019.03.14.jpg\" width=\"5120\" height=\"3413\" \/><\/p>\n<p style=\"text-align:justify;\">Ketvirtadienio vakar\u0105 (2019.03.14) drauge su SOS vaik\u0173 kaimo bendruomene leidom\u0117s \u012f \u017eini\u0173 ir atradim\u0173 kelion\u0119.<!--more--><\/p>\n<p style=\"text-align:justify;\">Prot\u0173 kovos \u012ftrauk\u0117 tiek didelius, tiek ma\u017eus, pasiry\u017eusius atsakin\u0117ti \u012f \u012fvairaus sud\u0117tingumo ir pob\u016bd\u017eio klausimus. Proto kov\u0173 dalyviai dr\u0105siai atsakin\u0117jo \u012f klausimus, kurie reikalavo ypating\u0173 \u017eini\u0173, ir i\u0161radingai formulavo atsakymus vaizdiniams klausimas. Rengin\u012f vainikavo \u201eTaip arba Ne\u201c turnyras, kurio nugal\u0117tojai gavo special\u0173 priz\u0105 \u2013 vis\u0105 kilogram\u0105 spalvot\u0173 ir burnoje tirpstan\u010di\u0173 sald\u017eiar\u016bg\u0161\u010di\u0173 guminuk\u0173.<\/p>\n<p style=\"text-align:justify;\">Prot\u0173 kovas laim\u0117jo komanda \u201eSuper mergait\u0117s\u201c. Merginos l\u0117tais, bet tvirtais \u017eingsneliais rinko ta\u0161kus ir triu\u0161kino prie\u0161ininkus. Antr\u0105 viet\u0105 u\u017e\u0117m\u0117 komanda \u201eAuksinis protas\u201c, kuri prad\u0117jo kovas su dideliu u\u017esidegimu, ta\u010diau kovai \u012fsib\u0117g\u0117jus u\u017esidegimo ir \u017eini\u0173 pritr\u016bko rungiantis su mergin\u0173 komanda. Tre\u010di\u0105j\u0105 viet\u0105 peln\u0117 komanda, kuri sunkiai galvojo sau pavadinim\u0105 ir galiausiai nusprend\u0117 pasivadinti \u201eTiesiog antri\u201c. \u0160i komanda i\u0161 vis\u0173 j\u0117g\u0173 steng\u0117si pateisinti savo pavadinim\u0105, bet deja, \u0161\u012f kart\u0105 jie liko tiesiog treti. Lauksime revan\u0161o \ud83d\ude42<\/p>\n<p style=\"text-align:justify;\">A\u010di\u016b visiems dalyvavusiems ir prisid\u0117jusiems prie \u0161io renginio \u012fgyvendinimo \ud83d\ude42<\/p>","protected":false},"excerpt":{"rendered":"<p>Ketvirtadienio vakar\u0105 (2019.03.14) drauge su SOS vaik\u0173 kaimo bendruomene leidom\u0117s \u012f \u017eini\u0173 ir atradim\u0173 kelion\u0119.<\/p>","protected":false},"author":1,"featured_media":0,"comment_status":"closed","ping_status":"open","sticky":false,"template":"","format":"standard","meta":{"_uag_custom_page_level_css":"","ngg_post_thumbnail":0,"footnotes":""},"categories":[7],"tags":[],"class_list":["post-2933","post","type-post","status-publish","format-standard","hentry","category-savanoriai-korepetitoriai"],"featured_image_urls":{"full":"","thumbnail":"","medium":"","medium_large":"","large":"","1536x1536":"","2048x2048":"","trp-custom-language-flag":"","chromenews-featured":"","chromenews-large":"","chromenews-medium":""},"author_info":{"info":["E. Lukas"]},"category_info":"<a href=\"https:\/\/nibd.lt\/en\/category\/savanoriai-korepetitoriai\/\" rel=\"category tag\">#Savanoriai\u2013korepetitoriai<\/a>","tag_info":"#Savanoriai\u2013korepetitoriai","comment_count":"0","uagb_featured_image_src":{"full":false,"thumbnail":false,"medium":false,"medium_large":false,"large":false,"1536x1536":false,"2048x2048":false,"trp-custom-language-flag":false,"chromenews-featured":false,"chromenews-large":false,"chromenews-medium":false},"uagb_author_info":{"display_name":"E. Lukas","author_link":"https:\/\/nibd.lt\/en\/author\/neimtigmail-com\/"},"uagb_comment_info":0,"uagb_excerpt":"Ketvirtadienio vakar\u0105 (2019.03.14) drauge su SOS vaik\u0173 kaimo bendruomene leidom\u0117s \u012f \u017eini\u0173 ir atradim\u0173 kelion\u0119.","_links":{"self":[{"href":"https:\/\/nibd.lt\/en\/wp-json\/wp\/v2\/posts\/2933","targetHints":{"allow":["GET"]}}],"collection":[{"href":"https:\/\/nibd.lt\/en\/wp-json\/wp\/v2\/posts"}],"about":[{"href":"https:\/\/nibd.lt\/en\/wp-json\/wp\/v2\/types\/post"}],"author":[{"embeddable":true,"href":"https:\/\/nibd.lt\/en\/wp-json\/wp\/v2\/users\/1"}],"replies":[{"embeddable":true,"href":"https:\/\/nibd.lt\/en\/wp-json\/wp\/v2\/comments?post=2933"}],"version-history":[{"count":1,"href":"https:\/\/nibd.lt\/en\/wp-json\/wp\/v2\/posts\/2933\/revisions"}],"predecessor-version":[{"id":3764,"href":"https:\/\/nibd.lt\/en\/wp-json\/wp\/v2\/posts\/2933\/revisions\/3764"}],"wp:attachment":[{"href":"https:\/\/nibd.lt\/en\/wp-json\/wp\/v2\/media?parent=2933"}],"wp:term":[{"taxonomy":"category","embeddable":true,"href":"https:\/\/nibd.lt\/en\/wp-json\/wp\/v2\/categories?post=2933"},{"taxonomy":"post_tag","embeddable":true,"href":"https:\/\/nibd.lt\/en\/wp-json\/wp\/v2\/tags?post=2933"}],"curies":[{"name":"wp","href":"https:\/\/api.w.org\/{rel}","templated":true}]}}