{"id":2328,"date":"2018-08-24T14:29:26","date_gmt":"2018-08-24T12:29:26","guid":{"rendered":"http:\/\/neimtibetduoti.com\/?p=2328"},"modified":"2020-04-27T18:54:38","modified_gmt":"2020-04-27T18:54:38","slug":"nauja-draugyste-su-kauno-sv-kryziaus-karmelitu-parapijos-dienos-centru-vaiku-stotele","status":"publish","type":"post","link":"https:\/\/nibd.lt\/en\/nauja-draugyste-su-kauno-sv-kryziaus-karmelitu-parapijos-dienos-centru-vaiku-stotele\/","title":{"rendered":"Nauja draugyst\u0117 su Kauno \u0160v. Kry\u017eiaus (Karmelit\u0173) parapijos dienos centru \u201eVaik\u0173 stotel\u0117\u201c"},"content":{"rendered":"<p style=\"text-align:justify;\"><img loading=\"lazy\" decoding=\"async\" class=\"aligncenter size-medium wp-image-2329\" src=\"https:\/\/nibdblog.files.wordpress.com\/2018\/08\/vaiku-stotele.jpg?w=300\" alt=\"Vaiku stotele\" width=\"300\" height=\"300\" \/>D\u017eiaugiam\u0117s u\u017emezg\u0119 ry\u0161ius su Kauno \u0160v. Kry\u017eiaus (Karmelit\u0173) parapijos dienos centru <a href=\"https:\/\/www.facebook.com\/pg\/vaikustotele\/posts\/?ref=page_internal\" target=\"_blank\" rel=\"noopener noreferrer\">\u201eVaik\u0173 stotel\u0117\u201c<\/a>. Tikim\u0117s, kad drauge prisid\u0117sime prie tvarios visuomen\u0117s ir aplinkos k\u016brimo Kauno mieste\u00a0\ud83d\ude42<\/p>\n<p style=\"text-align:justify;\">Dienos centre \u201eVaik\u0173 stotel\u0117\u201c reguliariai dirbamas socialinis bei ugdomasis darbas su mokymosi bei elgesio problem\u0173 turin\u010diais vaikais ir paaugliais bei teikiamos konsultacijos, netrukus bus organizuojamo t\u0117vyst\u0117s \u012fg\u016bd\u017ei\u0173 grup\u0117s \u0161eimomis.<\/p>\n<p style=\"text-align:justify;\">\u0160iandien vaik\u0173 dienos centras yra tap\u0119s svarbia socialines paslaugas teikian\u010di\u0173 institucij\u0173 infrastrukt\u016bros dalimi, turin\u010dia plat\u0173 partneri\u0173 tinkl\u0105.<\/p>\n<h4>Vaik\u0173 dienos centro tikslai:<\/h4>\n<p><!--more--><\/p>\n<ul>\n<li style=\"text-align:justify;\">teikti kompleksines paslaugas multiproblemin\u0117ms \u0161eimoms: dirbant su vaiku ir jo \u0161eima, i\u0161saugoti vaik\u0105 jo nat\u016bralioje aplinkoje \u2013 biologin\u0117je \u0161eimoje;<\/li>\n<li style=\"text-align:justify;\">u\u017emegzti pasitik\u0117jimu gr\u012fst\u0105 ry\u0161\u012f su socialiai izoliuotomis \u0161eimomis, to pagrindu siekti didesn\u0117s j\u0173 integracijos \u012f visuomen\u0119;<\/li>\n<li style=\"text-align:justify;\">tikslini\u0173 laisvalaikio u\u017eimtumo grupi\u0173 bei individuali\u0173 u\u017esi\u0117mim\u0173 pagalba ugdyti rizikos grup\u0117je esan\u010di\u0173 vaik\u0173 socialinius ir gyvenimo \u012fg\u016bd\u017eius, pad\u0117ti spr\u0119sti agresijos, atsiribojimo, nusivylimo bei kitas sud\u0117tingas elgesio bei socialines problemas.<\/li>\n<\/ul>\n<h4 style=\"text-align:justify;\">Centro tikslai orientuoti \u012f tris tikslines grupes:<\/h4>\n<p style=\"text-align:justify;\"><b>Vaikai:<\/b><\/p>\n<ul style=\"text-align:justify;\">\n<li>kurti vaik\u0173 grupes, alternatyvias \u012fvairioms destruktyvioms grup\u0117ms gatv\u0117je;<\/li>\n<li>sudaryti s\u0105lygas vaikams ir paaugliams u\u017esiimti tikslinga veikla;<\/li>\n<li>pad\u0117ti vaikui integruotis mokykloje ir teigiamai \u012ftakoti jo mokymosi rezultatus;<\/li>\n<li>skatinti vaik\u0173 savirai\u0161k\u0105, savirealizacij\u0105, pasitelkiant \u012fvairias u\u017eimtumo formas ir metodus;<\/li>\n<li>ugdyti vaik\u0173 socialinio bendravimo ir gyvenimo \u012fg\u016bd\u017eius;<\/li>\n<li>teikti socialin\u0119 pagalb\u0105 vaikui i\u0161tikus kriz\u0117ms \u0161eimoje, mokykloje, bendraam\u017ei\u0173 grup\u0117je;<\/li>\n<li>atstovauti vaiko interesus atitinkamose institucijose;<\/li>\n<\/ul>\n<p style=\"text-align:justify;\"><b>\u0160eima:<\/b><\/p>\n<ul style=\"text-align:justify;\">\n<li>\u012fvertinti \u0161eimos funkcionavimo ypatumus ir sudaryti individualios pagalbos plan\u0105;<\/li>\n<li>konsultuoti \u012fvairi\u0173 socialini\u0173 problem\u0173 klausimais (t\u0117vyst\u0117s \u012fg\u016bd\u017ei\u0173, konstruktyvaus konflikt\u0173 sprendimo, vaik\u0173 aukl\u0117jimo ir kt. klausimais);<\/li>\n<li>skatinti jausminius ir atsakomyb\u0117s ry\u0161ius \u0161eimoje;<\/li>\n<li>pad\u0117ti \u0161eimai integruotis \u012f bendruomen\u0119, visuomen\u0119;<\/li>\n<li>atstatyti \u0161eimos glob\u0117ji\u0161kas ir aukl\u0117jam\u0105sias funkcijas \u0161eimoje;<\/li>\n<li>pad\u0117ti vaikui i\u0161likti jo biologin\u0117je \u0161eimoje ir aplinkoje (mokykloje, rajone);<\/li>\n<li>suteikti reikaling\u0105 informacij\u0105 t\u0117vams apie i\u0161teklius bendruomen\u0117je, paramos gavimo galimyb\u0117s.<\/li>\n<\/ul>\n<p style=\"text-align:justify;\"><b>Bendruomen\u0117:<\/b><\/p>\n<ul>\n<li style=\"text-align:justify;\">supa\u017eindinti bendruomen\u0119 ir reguliariai teikti informacij\u0105 apie vykdom\u0105 projekt\u0105, pristatyti jo rezultatus.<\/li>\n<li style=\"text-align:justify;\">Bendruomen\u0117s narius \u012ftraukti \u012f savanori\u0161k\u0105 veikl\u0105 vaik\u0173 dienos centre;<\/li>\n<li style=\"text-align:justify;\">skatinti vietines institucijas, tarnybas ir organizacijas bendradarbiauti;<\/li>\n<li style=\"text-align:justify;\">\u012ftraukti bendruomen\u0119 \u012f problemos sprendimo proces\u0105;<\/li>\n<li style=\"text-align:justify;\">pl\u0117toti neformalaus jaunimo ugdymo iniciatyvas ir metodus;<\/li>\n<li style=\"text-align:justify;\">ugdyti pilietin\u0117s visuomen\u0117s atsakomyb\u0119.<\/li>\n<\/ul>","protected":false},"excerpt":{"rendered":"<p>D\u017eiaugiam\u0117s u\u017emezg\u0119 ry\u0161ius su Kauno \u0160v. Kry\u017eiaus (Karmelit\u0173) parapijos dienos centru \u201eVaik\u0173 stotel\u0117\u201c. Tikim\u0117s, kad drauge prisid\u0117sime prie tvarios visuomen\u0117s ir aplinkos k\u016brimo Kauno mieste\u00a0\ud83d\ude42 Dienos centre \u201eVaik\u0173 stotel\u0117\u201c reguliariai dirbamas socialinis bei ugdomasis darbas su mokymosi bei elgesio problem\u0173 turin\u010diais vaikais ir paaugliais bei teikiamos konsultacijos, netrukus bus organizuojamo t\u0117vyst\u0117s \u012fg\u016bd\u017ei\u0173 grup\u0117s \u0161eimomis. \u0160iandien vaik\u0173 dienos centras yra tap\u0119s svarbia socialines paslaugas teikian\u010di\u0173 institucij\u0173 infrastrukt\u016bros dalimi, turin\u010dia plat\u0173 partneri\u0173 tinkl\u0105. Vaik\u0173 dienos centro tikslai:<\/p>","protected":false},"author":1,"featured_media":0,"comment_status":"closed","ping_status":"open","sticky":false,"template":"","format":"standard","meta":{"_uag_custom_page_level_css":"","ngg_post_thumbnail":0,"footnotes":""},"categories":[7],"tags":[],"class_list":["post-2328","post","type-post","status-publish","format-standard","hentry","category-savanoriai-korepetitoriai"],"featured_image_urls":{"full":"","thumbnail":"","medium":"","medium_large":"","large":"","1536x1536":"","2048x2048":"","trp-custom-language-flag":"","chromenews-featured":"","chromenews-large":"","chromenews-medium":""},"author_info":{"info":["E. Lukas"]},"category_info":"<a href=\"https:\/\/nibd.lt\/en\/category\/savanoriai-korepetitoriai\/\" rel=\"category tag\">#Savanoriai\u2013korepetitoriai<\/a>","tag_info":"#Savanoriai\u2013korepetitoriai","comment_count":"0","uagb_featured_image_src":{"full":false,"thumbnail":false,"medium":false,"medium_large":false,"large":false,"1536x1536":false,"2048x2048":false,"trp-custom-language-flag":false,"chromenews-featured":false,"chromenews-large":false,"chromenews-medium":false},"uagb_author_info":{"display_name":"E. Lukas","author_link":"https:\/\/nibd.lt\/en\/author\/neimtigmail-com\/"},"uagb_comment_info":0,"uagb_excerpt":"D\u017eiaugiam\u0117s u\u017emezg\u0119 ry\u0161ius su Kauno \u0160v. Kry\u017eiaus (Karmelit\u0173) parapijos dienos centru \u201eVaik\u0173 stotel\u0117\u201c. Tikim\u0117s, kad drauge prisid\u0117sime prie tvarios visuomen\u0117s ir aplinkos k\u016brimo Kauno mieste\u00a0\ud83d\ude42 Dienos centre \u201eVaik\u0173 stotel\u0117\u201c reguliariai dirbamas socialinis bei ugdomasis darbas su mokymosi bei elgesio problem\u0173 turin\u010diais vaikais ir paaugliais bei teikiamos konsultacijos, netrukus bus organizuojamo t\u0117vyst\u0117s \u012fg\u016bd\u017ei\u0173 grup\u0117s \u0161eimomis. \u0160iandien&hellip;","_links":{"self":[{"href":"https:\/\/nibd.lt\/en\/wp-json\/wp\/v2\/posts\/2328","targetHints":{"allow":["GET"]}}],"collection":[{"href":"https:\/\/nibd.lt\/en\/wp-json\/wp\/v2\/posts"}],"about":[{"href":"https:\/\/nibd.lt\/en\/wp-json\/wp\/v2\/types\/post"}],"author":[{"embeddable":true,"href":"https:\/\/nibd.lt\/en\/wp-json\/wp\/v2\/users\/1"}],"replies":[{"embeddable":true,"href":"https:\/\/nibd.lt\/en\/wp-json\/wp\/v2\/comments?post=2328"}],"version-history":[{"count":1,"href":"https:\/\/nibd.lt\/en\/wp-json\/wp\/v2\/posts\/2328\/revisions"}],"predecessor-version":[{"id":3798,"href":"https:\/\/nibd.lt\/en\/wp-json\/wp\/v2\/posts\/2328\/revisions\/3798"}],"wp:attachment":[{"href":"https:\/\/nibd.lt\/en\/wp-json\/wp\/v2\/media?parent=2328"}],"wp:term":[{"taxonomy":"category","embeddable":true,"href":"https:\/\/nibd.lt\/en\/wp-json\/wp\/v2\/categories?post=2328"},{"taxonomy":"post_tag","embeddable":true,"href":"https:\/\/nibd.lt\/en\/wp-json\/wp\/v2\/tags?post=2328"}],"curies":[{"name":"wp","href":"https:\/\/api.w.org\/{rel}","templated":true}]}}