{"id":1786,"date":"2018-03-21T18:15:55","date_gmt":"2018-03-21T16:15:55","guid":{"rendered":"http:\/\/neimtibetduoti.com\/?p=1786"},"modified":"2020-04-27T18:54:38","modified_gmt":"2020-04-27T18:54:38","slug":"2-gali-pakeisti-vaiko-gyvenima","status":"publish","type":"post","link":"https:\/\/nibd.lt\/en\/2-gali-pakeisti-vaiko-gyvenima\/","title":{"rendered":""},"content":{"rendered":"<p><img loading=\"lazy\" decoding=\"async\" class=\"alignnone size-full wp-image-1782\" src=\"https:\/\/nibdblog.files.wordpress.com\/2018\/03\/29496477_1836453963051905_6276393480973451264_n.jpg\" alt=\"29496477_1836453963051905_6276393480973451264_n\" width=\"702\" height=\"269\" \/><\/p>\n<p style=\"text-align:justify;\">Kvie\u010diame neb\u016bti abejingais ir prisid\u0117ti prie ger\u0173 \u201eNe imti, bet duoti\u201c darb\u0173 kokyb\u0117s, kad vaikai tur\u0117t\u0173 palankias s\u0105lygas mokytis ir visokeriopai tobul\u0117ti, o savanoriai \u2013 pakankamai kompetencij\u0173 ir \u012fg\u016bd\u017ei\u0173 pad\u0117ti vaikams.<\/p>\n<p style=\"text-align:justify;\">Skirdami 2% gyventoj\u0173 pajam\u0173 mokes\u010dio (GPM) galite pad\u0117ti socialiai atskirtam ir ma\u017eiau galimybi\u0173 turin\u010diam jaunimui bei vaikams i\u0161 vaik\u0173 globos nam\u0173 ir socialin\u0117s rizikos \u0161eim\u0173 s\u0117kmingai u\u017ebaigti mokykl\u0105, siekti auk\u0161tojo mokslo, profesijos, i\u0161mokti pasir\u016bpinti savimi ir savo ateitimi, gauti kvalifikuot\u0173 specialist\u0173 pagalb\u0105, prasmingai leisti laisvalaik\u012f.<\/p>\n<p style=\"text-align:justify;\"><a href=\"https:\/\/neimtibetduoti.com\/parama\/\">Daugiau informacijos \u010cIA.\u00a0<\/a><\/p>\n<p>&nbsp;<\/p>","protected":false},"excerpt":{"rendered":"<p>Kvie\u010diame neb\u016bti abejingais ir prisid\u0117ti prie ger\u0173 \u201eNe imti, bet duoti\u201c darb\u0173 kokyb\u0117s, kad vaikai tur\u0117t\u0173 palankias s\u0105lygas mokytis ir visokeriopai tobul\u0117ti, o savanoriai \u2013 pakankamai kompetencij\u0173 ir \u012fg\u016bd\u017ei\u0173 pad\u0117ti vaikams. Skirdami 2% gyventoj\u0173 pajam\u0173 mokes\u010dio (GPM) galite pad\u0117ti socialiai atskirtam ir ma\u017eiau galimybi\u0173 turin\u010diam jaunimui bei vaikams i\u0161 vaik\u0173 globos nam\u0173 ir socialin\u0117s rizikos \u0161eim\u0173 s\u0117kmingai u\u017ebaigti mokykl\u0105, siekti auk\u0161tojo mokslo, profesijos, i\u0161mokti pasir\u016bpinti savimi ir savo ateitimi, gauti kvalifikuot\u0173 specialist\u0173 pagalb\u0105, prasmingai leisti laisvalaik\u012f. Daugiau informacijos \u010cIA.\u00a0 &nbsp;<\/p>","protected":false},"author":1,"featured_media":1782,"comment_status":"closed","ping_status":"open","sticky":false,"template":"","format":"standard","meta":{"_uag_custom_page_level_css":"","ngg_post_thumbnail":0,"footnotes":""},"categories":[7],"tags":[11],"class_list":["post-1786","post","type-post","status-publish","format-standard","has-post-thumbnail","hentry","category-savanoriai-korepetitoriai","tag-pagrindiniai"],"featured_image_urls":{"full":"","thumbnail":"","medium":"","medium_large":"","large":"","1536x1536":"","2048x2048":"","trp-custom-language-flag":"","chromenews-featured":"","chromenews-large":"","chromenews-medium":""},"author_info":{"info":["E. Lukas"]},"category_info":"<a href=\"https:\/\/nibd.lt\/en\/category\/savanoriai-korepetitoriai\/\" rel=\"category tag\">#Savanoriai\u2013korepetitoriai<\/a>","tag_info":"#Savanoriai\u2013korepetitoriai","comment_count":"0","uagb_featured_image_src":{"full":false,"thumbnail":false,"medium":false,"medium_large":false,"large":false,"1536x1536":false,"2048x2048":false,"trp-custom-language-flag":false,"chromenews-featured":false,"chromenews-large":false,"chromenews-medium":false},"uagb_author_info":{"display_name":"E. Lukas","author_link":"https:\/\/nibd.lt\/en\/author\/neimtigmail-com\/"},"uagb_comment_info":0,"uagb_excerpt":"Kvie\u010diame neb\u016bti abejingais ir prisid\u0117ti prie ger\u0173 \u201eNe imti, bet duoti\u201c darb\u0173 kokyb\u0117s, kad vaikai tur\u0117t\u0173 palankias s\u0105lygas mokytis ir visokeriopai tobul\u0117ti, o savanoriai \u2013 pakankamai kompetencij\u0173 ir \u012fg\u016bd\u017ei\u0173 pad\u0117ti vaikams. Skirdami 2% gyventoj\u0173 pajam\u0173 mokes\u010dio (GPM) galite pad\u0117ti socialiai atskirtam ir ma\u017eiau galimybi\u0173 turin\u010diam jaunimui bei vaikams i\u0161 vaik\u0173 globos nam\u0173 ir socialin\u0117s rizikos&hellip;","_links":{"self":[{"href":"https:\/\/nibd.lt\/en\/wp-json\/wp\/v2\/posts\/1786","targetHints":{"allow":["GET"]}}],"collection":[{"href":"https:\/\/nibd.lt\/en\/wp-json\/wp\/v2\/posts"}],"about":[{"href":"https:\/\/nibd.lt\/en\/wp-json\/wp\/v2\/types\/post"}],"author":[{"embeddable":true,"href":"https:\/\/nibd.lt\/en\/wp-json\/wp\/v2\/users\/1"}],"replies":[{"embeddable":true,"href":"https:\/\/nibd.lt\/en\/wp-json\/wp\/v2\/comments?post=1786"}],"version-history":[{"count":1,"href":"https:\/\/nibd.lt\/en\/wp-json\/wp\/v2\/posts\/1786\/revisions"}],"predecessor-version":[{"id":3806,"href":"https:\/\/nibd.lt\/en\/wp-json\/wp\/v2\/posts\/1786\/revisions\/3806"}],"wp:featuredmedia":[{"embeddable":true,"href":"https:\/\/nibd.lt\/en\/wp-json\/"}],"wp:attachment":[{"href":"https:\/\/nibd.lt\/en\/wp-json\/wp\/v2\/media?parent=1786"}],"wp:term":[{"taxonomy":"category","embeddable":true,"href":"https:\/\/nibd.lt\/en\/wp-json\/wp\/v2\/categories?post=1786"},{"taxonomy":"post_tag","embeddable":true,"href":"https:\/\/nibd.lt\/en\/wp-json\/wp\/v2\/tags?post=1786"}],"curies":[{"name":"wp","href":"https:\/\/api.w.org\/{rel}","templated":true}]}}